{"version":"https:\/\/jsonfeed.org\/version\/1","title":"Standard de Li\u00e8ge","home_page_url":"https:\/\/standard.be\/nl\/feed\/news","feed_url":"https:\/\/standard.be\/nl\/feed\/news","favicon":"\/\/static.standard.be\/cdn\/ff\/Uvz6TYArAcwVayDmkPb0Mx1Vd3cET7TGuq3LXsrhhIM\/1775558150\/:relative:\/themes\/standard_theme\/favicon.ico","next_url":"https:\/\/standard.be\/nl\/feed\/news?c=All\u0026lng=fr\u0026offset=333\u0026page=1","items":[{"id":"050de0f6-1274-4d11-9059-87a8d6ace2fd","url":"https:\/\/standard.be\/nl\/news\/andi-zeqiri-keert-terug-bij-standard","external_url":"https:\/\/standard.be\/nl\/news\/andi-zeqiri-keert-terug-bij-standard?webview=","title":"Andi Zeqiri keert terug bij Standard","content_html":"\n\u003Cdiv class=\u0022wp-block-group alignfull has-light-background-color has-background is-layout-constrained wp-block-group-is-layout-constrained\u0022 style=\u0022margin-top:0;margin-bottom:0;padding-top:var(--wp--preset--spacing--80);padding-right:var(--wp--preset--spacing--40);padding-bottom:var(--wp--preset--spacing--80);padding-left:var(--wp--preset--spacing--40)\u0022\u003E\n\u003Cdiv class=\u0022wp-block-group is-layout-constrained wp-block-group-is-layout-constrained\u0022 style=\u0022margin-top:0;margin-bottom:0;padding-top:0;padding-right:0;padding-bottom:0;padding-left:0\u0022\u003E\n\u003Cp\u003E\u003Cstrong\u003EAkkoord bereikt tussen Standard de Li\u00e8ge, Widzew \u0141\u00f3d\u017a en Andi Zeqiri\u0026nbsp;: de Zwitserse aanvaller keert terug aan de Maas op uitleenbasis voor \u00e9\u00e9n seizoen (met optie).\u003C\/strong\u003E\u003C\/p\u003E\n\n\n\n\u003Cp\u003EGeboren in Lausanne op 22 juni 1999 (27 jaar), begon deze Zwitserse international (18 interlands) zijn profcarri\u00e8re in 2015 bij FC Lausanne-Sport (105 wedstrijden - 36 doelpunten - 12 assists) voordat hij achtereenvolgens uitkwam voor Brighton \u0026amp; Hove Albion (13 wedstrijden - 1 doelpunt), Augsburg (23 wedstrijden - 2 doelpunten - 2 assists), FC B\u00e2le (50 wedstrijden - 18 doelpunten - 2 assists), KRC Genk (39 wedstrijden - 9 doelpunten) en Standard de Li\u00e8ge (26 wedstrijden - 10 doelpunten - 4 assists tijdens het seizoen 2024-2025).\u003C\/p\u003E\n\n\n\n\u003Cp\u003EAfgelopen seizoen speelde hij dus in Polen, bij Widzew \u0141\u00f3d\u017a (28 wedstrijden - 3 doelpunten - 1 assist).\u003C\/p\u003E\n\n\n\n\u003Cdiv style=\u0022height:15px\u0022 aria-hidden=\u0022true\u0022 class=\u0022wp-block-spacer\u0022\u003E\u003C\/div\u003E\n\n\n\n\u003Cp\u003E\u003Cstrong\u003EMarc Wilmots\u00a0: \u003C\/strong\u003E\u003Cem\u003E\u00ab\u00a0Iedereen kent de kwaliteiten van Andi en herinnert zich wat hij al had bereikt met de Rouches tijdens zijn eerste passage aan de Maas. Als hij erin slaagt hetzelfde niveau terug te vinden, zal hij een extra troef zijn om ons te helpen onze doelstellingen te bereiken.\u00a0\u00bb\u003C\/em\u003E\u003C\/p\u003E\n\n\n\n\u003Cp\u003E\u003Cstrong\u003EAndi Zeqiri :\u003C\/strong\u003E\u003Cem\u003E \u00ab Ik ben echt blij om bij Standard terug te keren. Ik had een goede band met de club en zijn supporters, maar helaas kon ik niet blijven. Ik had toch het gevoel dat dit verhaal misschien niet helemaal over was. Nu ben ik terug en ik ga mijn best doen om snel mijn draai weer te vinden. \u00bb\u003C\/em\u003E\u003C\/p\u003E\n\n\n\n\u003Cdiv style=\u0022height:15px\u0022 aria-hidden=\u0022true\u0022 class=\u0022wp-block-spacer\u0022\u003E\u003C\/div\u003E\n\n\n\n\u003Cp\u003EOnze club wenst Andi een goede terugkeer bij de Rouches evenals het allerbeste in onze kleuren.\u003C\/p\u003E\n\u003C\/div\u003E\n\u003C\/div\u003E\n","summary":"\n\n\nAkkoord bereikt tussen Standard de Li\u00e8ge, Widz","image":"\/\/static.standard.be\/cdn\/ff\/Tc2-Ld4WO-WV4z9RLHCY2aVAADirP0lMQTS7I0mqPMI\/1788283679\/public\/styles\/max_1200\/public\/2026-09\/Banner%20News%20Zeqiri.jpg.webp?itok=a79Ewn5h","banner_image":"\/\/static.standard.be\/cdn\/ff\/Tc2-Ld4WO-WV4z9RLHCY2aVAADirP0lMQTS7I0mqPMI\/1788283679\/public\/styles\/max_1200\/public\/2026-09\/Banner%20News%20Zeqiri.jpg.webp?itok=a79Ewn5h","date_published":"2026-09-01T19:30:00+02:00\n","date_modified":"2026-09-01T19:27:36+02:00\n","tags":["Offici\u00eble Persberichten"]},{"id":"1d91564e-eee5-4f57-95e9-47dbb198ede8","url":"https:\/\/standard.be\/nl\/news\/timothe-nkada-sluit-zich-aan-bij-de-ligue-1","external_url":"https:\/\/standard.be\/nl\/news\/timothe-nkada-sluit-zich-aan-bij-de-ligue-1?webview=","title":"Timoth\u00e9 Nkada sluit zich aan bij de Ligue 1","content_html":"\n\u003Cdiv class=\u0022wp-block-group alignfull has-light-background-color has-background is-layout-constrained wp-block-group-is-layout-constrained\u0022 style=\u0022margin-top:0;margin-bottom:0;padding-top:var(--wp--preset--spacing--80);padding-right:var(--wp--preset--spacing--40);padding-bottom:var(--wp--preset--spacing--80);padding-left:var(--wp--preset--spacing--40)\u0022\u003E\n\u003Cdiv class=\u0022wp-block-group is-layout-constrained wp-block-group-is-layout-constrained\u0022 style=\u0022margin-top:0;margin-bottom:0;padding-top:0;padding-right:0;padding-bottom:0;padding-left:0\u0022\u003E\n\u003Cp\u003E\u003Cstrong\u003ELe Standard de Li\u00e8ge, l\u2019ESTAC et Timoth\u00e9 Nkada hebben een akkoord bereikt\u00a0: de Franse aanvaller wordt voor dit seizoen aan Troyes uitgeleend (met een aankoopoptie).\u003C\/strong\u003E\u003C\/p\u003E\n\n\n\n\u003Cp\u003EAangekomen in augustus 2025 van Rodez, Timoth\u00e9 speelde 33 wedstrijden en scoorde 5 doelpunten voor onze kleuren.\u003C\/p\u003E\n\n\n\n\u003Cp\u003EOnze club wenst hem het beste voor de rest van zijn seizoen.\u003C\/p\u003E\n\u003C\/div\u003E\n\u003C\/div\u003E\n","summary":"\n\n\nLe Standard de Li\u00e8ge, l\u2019ESTAC et Timoth\u00e9 Nkada","image":"\/\/static.standard.be\/cdn\/ff\/ExEIrT-rM4VcSsvcQkOR4Vzx_3wzl2PxRtaGAGEKUoM\/1788272864\/public\/styles\/max_1200\/public\/2026-09\/Timoth%C3%A9%20Nkada.jpg.webp?itok=_Ehroa_m","banner_image":"\/\/static.standard.be\/cdn\/ff\/ExEIrT-rM4VcSsvcQkOR4Vzx_3wzl2PxRtaGAGEKUoM\/1788272864\/public\/styles\/max_1200\/public\/2026-09\/Timoth%C3%A9%20Nkada.jpg.webp?itok=_Ehroa_m","date_published":"2026-09-01T16:30:00+02:00\n","date_modified":"2026-09-01T16:28:04+02:00\n","tags":["Offici\u00eble Persberichten"]},{"id":"d1a80498-d1ef-4218-929d-e4dfbfe10a80","url":"https:\/\/standard.be\/nl\/news\/thomas-henry-verlaat-standard-de-liege","external_url":"https:\/\/standard.be\/nl\/news\/thomas-henry-verlaat-standard-de-liege?webview=","title":"Thomas Henry verlaat Standard de Li\u00e8ge","content_html":"\n\u003Cdiv class=\u0022wp-block-group alignfull has-light-background-color has-background is-layout-constrained wp-block-group-is-layout-constrained\u0022 style=\u0022margin-top:0;margin-bottom:0;padding-top:var(--wp--preset--spacing--80);padding-right:var(--wp--preset--spacing--40);padding-bottom:var(--wp--preset--spacing--80);padding-left:var(--wp--preset--spacing--40)\u0022\u003E\n\u003Cp\u003EEr is een akkoord bereikt tussen onze club en Thomas Henry zodat de Franse aanvaller (aangekomen aan de oever van de Maas in juli 2025) zijn professionele carri\u00e8re kan voortzetten in de Serie C bij AC Reggiana.\u003C\/p\u003E\n\n\n\n\u003Cdiv class=\u0022wp-block-group is-layout-constrained wp-block-group-is-layout-constrained\u0022 style=\u0022margin-top:0;margin-bottom:0;padding-top:0;padding-right:0;padding-bottom:0;padding-left:0\u0022\u003E\n\u003Cp\u003EWe wensen Thomas het beste voor het seizoen 2026-2027 in zijn nieuwe kleuren.\u003C\/p\u003E\n\u003C\/div\u003E\n\u003C\/div\u003E\n","summary":"\n\nEr is een akkoord bereikt tussen onze club en Thomas Henry zodat de Franse aanvaller (aangekomen aan de oever van de Maas in juli 2025) zijn professionele carri\u00e8re kan voortzetten in de Serie C bij AC Reggiana.","image":"\/\/static.standard.be\/cdn\/ff\/RCDokTKU8DzDU9Dt7lh4dHQ41ELbE2Z58gYD-PFQ_FQ\/1788271811\/public\/styles\/max_1200\/public\/2026-09\/Thomas%20Henry.jpg.webp?itok=Ul3ty7An","banner_image":"\/\/static.standard.be\/cdn\/ff\/RCDokTKU8DzDU9Dt7lh4dHQ41ELbE2Z58gYD-PFQ_FQ\/1788271811\/public\/styles\/max_1200\/public\/2026-09\/Thomas%20Henry.jpg.webp?itok=Ul3ty7An","date_published":"2026-09-01T16:10:00+02:00\n","date_modified":"2026-09-01T16:08:27+02:00\n","tags":["Offici\u00eble Persberichten"]},{"id":"e1c6084a-08ad-459e-b8bf-6204c1b10e3e","url":"https:\/\/standard.be\/nl\/news\/lola-wajnblum-wordt-dit-seizoen-inderdaad-rouche","external_url":"https:\/\/standard.be\/nl\/news\/lola-wajnblum-wordt-dit-seizoen-inderdaad-rouche?webview=","title":"Lola Wajnblum wordt dit seizoen inderdaad Rouche","content_html":"\n\u003Cdiv class=\u0022wp-block-group alignfull has-light-background-color has-background is-layout-constrained wp-block-group-is-layout-constrained\u0022 style=\u0022margin-top:0;margin-bottom:0;padding-top:var(--wp--preset--spacing--80);padding-right:var(--wp--preset--spacing--40);padding-bottom:var(--wp--preset--spacing--80);padding-left:var(--wp--preset--spacing--40)\u0022\u003E\n\u003Cdiv class=\u0022wp-block-group is-layout-constrained wp-block-group-is-layout-constrained\u0022 style=\u0022margin-top:0;margin-bottom:0;padding-top:0;padding-right:0;padding-bottom:0;padding-left:0\u0022\u003E\n\u003Cp\u003EOnbetwiste basisspeelster sinds haar terugkeer bij de club twee seizoenen geleden, heeft de 30-jarige Belgische speelster ervoor gekozen haar avontuur aan de oever van de Maas te verlengen en zal dit seizoen dus het shirt van Standard dragen.\u003C\/p\u003E\n\n\n\n\u003Cp\u003EUitstekend nieuws voor Standard Femina, dat opnieuw kan rekenen op haar ervaring en consistentie.\u003C\/p\u003E\n\n\n\n\u003Cp\u003EProficiat met deze keuze en veel succes voor dit nieuwe seizoen, Lola.\u003C\/p\u003E\n\u003C\/div\u003E\n\u003C\/div\u003E\n","summary":"\n\n\nOnbetwiste basisspeelster sinds haar terugkeer bij de ","image":"\/\/static.standard.be\/cdn\/ff\/2Ps1hAAu0W0hj-t2dJICbd6kIYsrL8OhWzeoR1QfOsk\/1788271309\/public\/styles\/max_1200\/public\/2026-09\/Banner.jpg.webp?itok=qnQGEv1W","banner_image":"\/\/static.standard.be\/cdn\/ff\/2Ps1hAAu0W0hj-t2dJICbd6kIYsrL8OhWzeoR1QfOsk\/1788271309\/public\/styles\/max_1200\/public\/2026-09\/Banner.jpg.webp?itok=qnQGEv1W","date_published":"2026-09-01T16:00:59+02:00\n","date_modified":"2026-09-01T16:13:17+02:00\n","tags":["Standard Femina"]},{"id":"ebd1148d-9ba9-43bd-be78-f6ea294a57f4","url":"https:\/\/standard.be\/nl\/news\/davinia-vanmechelen-keert-terug-bij-standard-femina","external_url":"https:\/\/standard.be\/nl\/news\/davinia-vanmechelen-keert-terug-bij-standard-femina?webview=","title":"Davinia Vanmechelen keert terug bij Standard Femina","content_html":"\n\u003Cdiv class=\u0022wp-block-group alignfull has-light-background-color has-background is-layout-constrained wp-block-group-is-layout-constrained\u0022 style=\u0022margin-top:0;margin-bottom:0;padding-top:var(--wp--preset--spacing--80);padding-right:var(--wp--preset--spacing--40);padding-bottom:var(--wp--preset--spacing--80);padding-left:var(--wp--preset--spacing--40)\u0022\u003E\n\u003Cdiv class=\u0022wp-block-group is-layout-constrained wp-block-group-is-layout-constrained\u0022 style=\u0022margin-top:0;margin-bottom:0;padding-top:0;padding-right:0;padding-bottom:0;padding-left:0\u0022\u003E\n\u003Cp\u003E\u003Cstrong\u003ELe Standard Femina is verheugd de terugkeer van Davinia Vanmechelen aan te kondigen.\u003C\/strong\u003E\u003C\/p\u003E\n\n\n\n\u003Cp\u003EGeboren op 30 augustus 1999, kent de Belgische aanvalster de club goed aangezien ze al eerder de kleuren van Le Standard Femina droeg tussen 2015 en 2017 en van 2020 tot 2022.\u003C\/p\u003E\n\n\n\n\u003Cp\u003EUitgeleend door Club YLA aan Napoli vorig seizoen, werd Davinia helaas in januari het slachtoffer van een kruisbandruptuur. Ze zet nu haar revalidatie voort in Luik, met als doel geleidelijk terug te keren naar de velden van SL16 Football Campus en Sclessin.\u003C\/p\u003E\n\n\n\n\u003Cp\u003EWe wensen haar een uitstekende afronding van haar revalidatie en zijn blij haar terug thuis te zien.\u0026nbsp;Welkom terug thuis, Davinia!\u003C\/p\u003E\n\u003C\/div\u003E\n\u003C\/div\u003E\n","summary":"\n\n\nLe Standard Femina is verheugd de terugkeer va","image":"\/\/static.standard.be\/cdn\/ff\/Mc5lIR-W5rmSPXozod1yv9ESaO9lGJbHD-p8tOp1gZw\/1788269565\/public\/styles\/max_1200\/public\/2026-09\/Vanner.jpg.webp?itok=y4KfOstf","banner_image":"\/\/static.standard.be\/cdn\/ff\/Mc5lIR-W5rmSPXozod1yv9ESaO9lGJbHD-p8tOp1gZw\/1788269565\/public\/styles\/max_1200\/public\/2026-09\/Vanner.jpg.webp?itok=y4KfOstf","date_published":"2026-09-01T15:30:00+02:00\n","date_modified":"2026-09-01T16:13:37+02:00\n","tags":["Standard Femina"]},{"id":"366b227e-e7d5-42bf-ba55-892d02bacc22","url":"https:\/\/standard.be\/nl\/news\/kalender-seizoen-2026-2027-update-voor-speeldagen-8-tot-17","external_url":"https:\/\/standard.be\/nl\/news\/kalender-seizoen-2026-2027-update-voor-speeldagen-8-tot-17?webview=","title":"Kalender seizoen 2026-2027: update voor speeldagen 8 tot 17","content_html":"\n\u003Cdiv class=\u0022wp-block-group alignfull has-light-background-color has-background is-layout-constrained wp-block-group-is-layout-constrained\u0022 style=\u0022margin-top:0;margin-bottom:0;padding-top:var(--wp--preset--spacing--80);padding-right:var(--wp--preset--spacing--40);padding-bottom:var(--wp--preset--spacing--80);padding-left:var(--wp--preset--spacing--40)\u0022\u003E\n\u003Cdiv class=\u0022wp-block-group is-layout-constrained wp-block-group-is-layout-constrained\u0022 style=\u0022margin-top:0;margin-bottom:0;padding-top:0;padding-right:0;padding-bottom:0;padding-left:0\u0022\u003E\n\u003Cp\u003E\u003Cstrong\u003EDinsdagmorgen vond de update van de kalender van de Jupiler Pro League plaats voor speeldagen 8 tot 17.\u003C\/strong\u003E\u003C\/p\u003E\n\n\n\n\u003Cp\u003EDe precieze aanvangstijden van deze speeldagen zijn nu bekend.\u003C\/p\u003E\n\n\n\n\u003Cdiv style=\u0022height:30px\u0022 aria-hidden=\u0022true\u0022 class=\u0022wp-block-spacer\u0022\u003E\u003C\/div\u003E\n\n\n\n\u003Cp\u003E\u003Cstrong\u003E5. Standard de Li\u00e8ge - Royal Antwerp FC: zaterdag 5 september om 20u45\u003C\/strong\u003E\u003C\/p\u003E\n\n\n\n\u003Cp\u003E\u003Cstrong\u003E6. KVC Westerlo - Standard de Li\u00e8ge: zaterdag 12 september om 18u15\u003C\/strong\u003E\u003C\/p\u003E\n\n\n\n\u003Cp\u003E\u003Cstrong\u003E7. KAA Gent - Standard de Li\u00e8ge: vrijdag 18 september om 20u45\u003C\/strong\u003E\u003C\/p\u003E\n\n\n\n\u003Cp class=\u0022has-primary-color has-text-color has-link-color\u0022\u003E\u003Cstrong\u003E8. Standard de Li\u00e8ge - Sporting Charleroi: zondag 11 oktober om 13u30\u003C\/strong\u003E\u003C\/p\u003E\n\n\n\n\u003Cp class=\u0022has-primary-color has-text-color has-link-color\u0022\u003E\u003Cstrong\u003E9. KRC Genk - Standard de Li\u00e8ge: zondag 25 oktober om 13u30\u003C\/strong\u003E\u003C\/p\u003E\n\n\n\n\u003Cp class=\u0022has-primary-color has-text-color has-link-color\u0022\u003E\u003Cstrong\u003E10. Standard de Li\u00e8ge - KV Kortrijk: zaterdag 31 oktober om 18u15\u003C\/strong\u003E\u003C\/p\u003E\n\n\n\n\u003Cp class=\u0022has-primary-color has-text-color has-link-color\u0022\u003E\u003Cstrong\u003E11. Standard de Li\u00e8ge - SK Beveren: vrijdag 6 november om 20u45\u003C\/strong\u003E\u003C\/p\u003E\n\n\n\n\u003Cp class=\u0022has-primary-color has-text-color has-link-color\u0022\u003E\u003Cstrong\u003E12. Lommel SK - Standard de Li\u00e8ge: zondag 22 november om 19u15\u003C\/strong\u003E\u003C\/p\u003E\n\n\n\n\u003Cp class=\u0022has-primary-color has-text-color has-link-color\u0022\u003E\u003Cstrong\u003E13. Standard de Li\u00e8ge - Club Brugge: zondag 29 november om 18u30\u003C\/strong\u003E\u003C\/p\u003E\n\n\n\n\u003Cp class=\u0022has-primary-color has-text-color has-link-color\u0022\u003E\u003Cstrong\u003E14. SV Zulte Waregem - Standard de Li\u00e8ge : zaterdag 12 december om 20u45\u003C\/strong\u003E\u003C\/p\u003E\n\n\n\n\u003Cp class=\u0022has-primary-color has-text-color has-link-color\u0022\u003E\u003Cstrong\u003E15. Standard de Li\u00e8ge - RSC Anderlecht : zondag 20 december om 13u30\u003C\/strong\u003E\u003C\/p\u003E\n\n\n\n\u003Cp class=\u0022has-primary-color has-text-color has-link-color\u0022\u003E\u003Cstrong\u003E16. Standard de Li\u00e8ge - Union Saint-Gilloise: zaterdag 26 december om 20u45\u003C\/strong\u003E\u003C\/p\u003E\n\n\n\n\u003Cp class=\u0022has-primary-color has-text-color has-link-color\u0022\u003E\u003Cstrong\u003E17. STVV - Standard de Li\u00e8ge: zondag 17 januari 2027 om 13u30\u003C\/strong\u003E\u003C\/p\u003E\n\n\n\n\u003Cp\u003E18. Standard de Li\u00e8ge - KVC Westerlo\u00a0: 22-23-24 januari 2027\u003C\/p\u003E\n\n\n\n\u003Cp\u003E19. Cercle Brugge - Standard de Li\u00e8ge\u00a0: 29-30-31 januari 2027\u003C\/p\u003E\n\n\n\n\u003Cp\u003E20. Club Brugge - Standard de Li\u00e8ge: 5-6-7 februari 2027\u003C\/p\u003E\n\n\n\n\u003Cp\u003E21. Standard de Li\u00e8ge - SV Zulte Waregem: 12-13-14 februari 2027\u003C\/p\u003E\n\n\n\n\u003Cp\u003E22. Sporting Charleroi - Standard de Li\u00e8ge\u00a0: 19-20-21 februari 2027\u003C\/p\u003E\n\n\n\n\u003Cp\u003E23. Standard de Li\u00e8ge - KAA Gent\u00a0: 26-27-28 februari 2027\u003C\/p\u003E\n\n\n\n\u003Cp\u003E24. Union Saint-Gilloise - Standard de Li\u00e8ge\u00a0: 5-6-7 maart 2027\u003C\/p\u003E\n\n\n\n\u003Cp\u003E25. Standard de Li\u00e8ge - KV Mechelen\u00a0: 12-13-14 maart 2027\u003C\/p\u003E\n\n\n\n\u003Cp\u003E26. RSC Anderlecht - Standard de Li\u00e8ge: 19-20-21 maart 2027\u003C\/p\u003E\n\n\n\n\u003Cp\u003E27. Standard de Li\u00e8ge - STVV: 2-3-4 april 2027\u003C\/p\u003E\n\n\n\n\u003Cp\u003E28. KV Kortrijk - Standard de Li\u00e8ge: 9-10-11 april 2027\u003C\/p\u003E\n\n\n\n\u003Cp\u003E29. Standard de Li\u00e8ge - OH Leuven\u00a0: 16-17-18 april 2027\u003C\/p\u003E\n\n\n\n\u003Cp\u003E30. RAAL La Louvi\u00e8re - Standard de Li\u00e8ge\u00a0: 23-24-25 april 2027\u003C\/p\u003E\n\n\n\n\u003Cp\u003E31. Standard de Li\u00e8ge - Lommel SK\u00a0: 30 april of 1-2 mei 2027\u003C\/p\u003E\n\n\n\n\u003Cp\u003E32. Royal Antwerp FC - Standard de Li\u00e8ge: 7-8-9 mei 2027\u003C\/p\u003E\n\n\n\n\u003Cp\u003E33. Standard de Li\u00e8ge - KRC Genk\u00a0: 14-15-16 mei 2027\u003C\/p\u003E\n\n\n\n\u003Cp\u003E34. SK Beveren- Standard de Li\u00e8ge: 21-22-23 mei 2027\u003C\/p\u003E\n\n\n\n\u003Cdiv style=\u0022height:30px\u0022 aria-hidden=\u0022true\u0022 class=\u0022wp-block-spacer\u0022\u003E\u003C\/div\u003E\n\n\n\n\u003Cp\u003EDe volgende updates van de kalender zijn gepland voor:\u003C\/p\u003E\n\n\n\n\u003Cp\u003E\u2022\u0026nbsp;\u0026nbsp;\u0026nbsp;\u0026nbsp;\u0026nbsp;\u0026nbsp;\u0026nbsp;\u0026nbsp;\u0026nbsp; op 8 december, na de groepsfase van de Europese competities.\u003C\/p\u003E\n\n\n\n\u003Cp\u003E\u2022\u0026nbsp;\u0026nbsp;\u0026nbsp;\u0026nbsp;\u0026nbsp;\u0026nbsp;\u0026nbsp;\u0026nbsp;\u0026nbsp; op 9 februari, na de kwartfinales van de Croky Cup.\u003C\/p\u003E\n\u003C\/div\u003E\n\u003C\/div\u003E\n","summary":"\n\n\nDinsdagmorgen vond de update van de kalender v","image":"\/\/static.standard.be\/cdn\/ff\/esBDZUm5oEKMeF67WXqsj0uIF3SgYuUDsy3wksX18t4\/1788250743\/public\/styles\/max_1200\/public\/2026-09\/PHOTONEWS_11168299-223.jpg.webp?itok=GKQukMfh","banner_image":"\/\/static.standard.be\/cdn\/ff\/esBDZUm5oEKMeF67WXqsj0uIF3SgYuUDsy3wksX18t4\/1788250743\/public\/styles\/max_1200\/public\/2026-09\/PHOTONEWS_11168299-223.jpg.webp?itok=GKQukMfh","date_published":"2026-09-01T10:00:00+02:00\n","date_modified":"2026-09-01T10:06:29+02:00\n","tags":["A-kern"]},{"id":"aaa9c6a7-93c9-409b-a90a-fc456ad0fb87","url":"https:\/\/standard.be\/nl\/news\/tickets-te-koop-voor-standard-antwerp","external_url":"https:\/\/standard.be\/nl\/news\/tickets-te-koop-voor-standard-antwerp?webview=","title":"Tickets te koop voor Standard - Antwerp","content_html":"\n\u003Cdiv class=\u0022wp-block-group alignfull has-light-background-color has-background is-layout-constrained wp-block-group-is-layout-constrained\u0022 style=\u0022margin-top:0;margin-bottom:0;padding-top:var(--wp--preset--spacing--80);padding-right:var(--wp--preset--spacing--40);padding-bottom:var(--wp--preset--spacing--80);padding-left:var(--wp--preset--spacing--40)\u0022\u003E\n\u003Cdiv class=\u0022wp-block-group is-layout-constrained wp-block-group-is-layout-constrained\u0022 style=\u0022margin-top:0;margin-bottom:0;padding-top:0;padding-right:0;padding-bottom:0;padding-left:0\u0022\u003E\n\u003Cdiv class=\u0022wp-block-group is-layout-constrained wp-block-group-is-layout-constrained\u0022 style=\u0022margin-top:0;margin-bottom:0;padding-top:0;padding-right:0;padding-bottom:0;padding-left:0\u0022\u003E\n\u003Cp\u003EDe plaatsen voor de wedstrijd Standard de Li\u00e8ge - Royal Antwerp FC (zaterdag 5 september om 20u45) zijn te koop via ons online platform of aan de ticketbalie van ons stadion (woensdag en vrijdag van 10u tot 18u \u0026amp; zaterdag van 10u tot 16u).\u003C\/p\u003E\n\n\n\n\u003Cdiv style=\u0022height:30px\u0022 aria-hidden=\u0022true\u0022 class=\u0022wp-block-spacer\u0022\u003E\u003C\/div\u003E\n\n\n\n\u003Cdiv class=\u0022wp-block-buttons is-content-justification-center is-layout-flex wp-container-core-buttons-layout-1 wp-block-buttons-is-layout-flex\u0022\u003E\n\u003Cdiv class=\u0022wp-block-button\u0022\u003E\u003Ca class=\u0022wp-block-button__link wp-element-button\u0022 href=\u0022https:\/\/ticketing.standard.be\/\u0022 target=\u0022_blank\u0022 rel=\u0022noreferrer noopener\u0022\u003EKoop uw tickets!\u003C\/a\u003E\u003C\/div\u003E\n\u003C\/div\u003E\n\n\n\n\u003Cdiv style=\u0022height:30px\u0022 aria-hidden=\u0022true\u0022 class=\u0022wp-block-spacer\u0022\u003E\u003C\/div\u003E\n\n\n\n\u003Cdiv class=\u0022wp-block-buttons is-content-justification-center is-layout-flex wp-container-core-buttons-layout-2 wp-block-buttons-is-layout-flex\u0022\u003E\n\u003Cdiv class=\u0022wp-block-button is-style-fill\u0022\u003E\u003Ca class=\u0022wp-block-button__link wp-element-button\u0022 href=\u0022https:\/\/static.standard.be\/cdn\/ff\/VtRr42E4xas8_O4_J9cQRsTJXEN4329KNRUkhYBN6WE\/1785264402\/public\/2026-07\/Tickets-2627-NL.pdf?_gl=1*1cndizp*_ga*Njk1MzgyNjg0LjE3Mjk3ODcyMzg.*_ga_P3VE3KJWLL*czE3ODcwNjAxOTgkbzI5OTkkZzEkdDE3ODcwNjA2MzkkajM0JGwwJGgw\u0022 target=\u0022_blank\u0022 rel=\u0022noreferrer noopener\u0022\u003ERaadpleeg de prijzentabel\u003C\/a\u003E\u003C\/div\u003E\n\u003C\/div\u003E\n\n\n\n\u003Cdiv style=\u0022height:30px\u0022 aria-hidden=\u0022true\u0022 class=\u0022wp-block-spacer\u0022\u003E\u003C\/div\u003E\n\u003C\/div\u003E\n\n\n\n\u003Cp class=\u0022has-dark-color has-text-color has-link-color\u0022\u003EAls u ge\u00efnteresseerd bent in\u003Cstrong\u003E onze\u003C\/strong\u003E \u003Cstrong\u003Ebusinessformules \u003C\/strong\u003Evoor deze wedstrijd, vindt u info en contact in onze businessbrochure.\u003C\/p\u003E\n\n\n\n\u003Cdiv style=\u0022height:30px\u0022 aria-hidden=\u0022true\u0022 class=\u0022wp-block-spacer\u0022\u003E\u003C\/div\u003E\n\n\n\n\u003Cdiv class=\u0022wp-block-buttons is-content-justification-center is-layout-flex wp-container-core-buttons-layout-3 wp-block-buttons-is-layout-flex\u0022\u003E\n\u003Cdiv class=\u0022wp-block-button\u0022\u003E\u003Ca class=\u0022wp-block-button__link wp-element-button\u0022 href=\u0022https:\/\/issuu.com\/standarddeliege\/docs\/standard-hospitality?fr=xIAEoAT3_MzMz\u0022 target=\u0022_blank\u0022 rel=\u0022noreferrer noopener\u0022\u003EBekijk onze businessbrochure\u003C\/a\u003E\u003C\/div\u003E\n\u003C\/div\u003E\n\n\n\n\u003Cdiv class=\u0022wp-block-group is-layout-constrained wp-block-group-is-layout-constrained\u0022 style=\u0022margin-top:0;margin-bottom:0;padding-top:0;padding-right:0;padding-bottom:0;padding-left:0\u0022\u003E\n\u003Cdiv style=\u0022height:30px\u0022 aria-hidden=\u0022true\u0022 class=\u0022wp-block-spacer\u0022\u003E\u003C\/div\u003E\n\n\n\n\u003Cp\u003E\u003Cstrong\u003EOpgelet\u0026nbsp;:\u003C\/strong\u003E het is natuurlijk altijd mogelijk om \u003Cstrong\u003Eeen\u0026nbsp;abonnement\u003C\/strong\u003E te kopen, dat proportioneel voordeliger blijft.\u003C\/p\u003E\n\n\n\n\u003Cdiv style=\u0022height:30px\u0022 aria-hidden=\u0022true\u0022 class=\u0022wp-block-spacer\u0022\u003E\u003C\/div\u003E\n\n\n\n\u003Cdiv class=\u0022wp-block-buttons is-content-justification-center is-layout-flex wp-container-core-buttons-layout-4 wp-block-buttons-is-layout-flex\u0022\u003E\n\u003Cdiv class=\u0022wp-block-button\u0022\u003E\u003Ca class=\u0022wp-block-button__link wp-element-button\u0022 href=\u0022https:\/\/standard.be\/nl\/news\/abonnementen-26-27-praktische-informatie\u0022 target=\u0022_blank\u0022 rel=\u0022noreferrer noopener\u0022\u003EBekijk de praktische info over abonnementen\u003C\/a\u003E\u003C\/div\u003E\n\u003C\/div\u003E\n\n\n\n\u003Cp\u003E\u0026nbsp;\u003C\/p\u003E\n\u003C\/div\u003E\n\u003C\/div\u003E\n\u003C\/div\u003E\n","summary":"\n\n\n","image":"\/\/static.standard.be\/cdn\/ff\/OFX_0Usw-HVs_K9HCEUY-eCUz8AZeL_YpVCgoey7kBU\/1787061374\/public\/styles\/max_1200\/public\/2026-08\/Standard-Antwerp-1920x1080.jpg.webp?itok=NEBcYV19","banner_image":"\/\/static.standard.be\/cdn\/ff\/OFX_0Usw-HVs_K9HCEUY-eCUz8AZeL_YpVCgoey7kBU\/1787061374\/public\/styles\/max_1200\/public\/2026-08\/Standard-Antwerp-1920x1080.jpg.webp?itok=NEBcYV19","date_published":"2026-08-28T07:00:00+02:00\n","date_modified":"2026-08-28T07:19:39+02:00\n","tags":["Offici\u00eble Persberichten"]},{"id":"a2e3ad0a-ccb2-4026-a64b-25bc91d3d010","url":"https:\/\/standard.be\/nl\/news\/standard-femina-abonnement-26-27","external_url":"https:\/\/standard.be\/nl\/news\/standard-femina-abonnement-26-27?webview=","title":"Standard Femina : abonnement 26-27","content_html":"\n\u003Cdiv class=\u0022wp-block-group alignfull has-light-background-color has-background is-layout-constrained wp-block-group-is-layout-constrained\u0022 style=\u0022margin-top:0;margin-bottom:0;padding-top:var(--wp--preset--spacing--80);padding-right:var(--wp--preset--spacing--40);padding-bottom:var(--wp--preset--spacing--80);padding-left:var(--wp--preset--spacing--40)\u0022\u003E\n\u003Cdiv class=\u0022wp-block-group is-layout-constrained wp-block-group-is-layout-constrained\u0022 style=\u0022margin-top:0;margin-bottom:0;padding-top:0;padding-right:0;padding-bottom:0;padding-left:0\u0022\u003E\n\u003Cp\u003E\u003Cstrong\u003EDe abonnementscampagne voor de thuiswedstrijden van onze eerste damesploeg start vandaag.\u003C\/strong\u003E\u003C\/p\u003E\n\n\n\n\u003Cp\u003EU kunt zich vanaf nu abonneren \u003Ca href=\u0022https:\/\/ticketing.standard.be\/\u0022 data-type=\u0022link\u0022 data-id=\u0022https:\/\/ticketing.standard.be\/\u0022 target=\u0022_blank\u0022 rel=\u0022noreferrer noopener\u0022\u003Eop ons onlineplatform\u003C\/a\u003E (u moet geregistreerd zijn of zich registreren) of aan de ticketbalie van het stadion van Sclessin (woensdag en vrijdag : 10u00-18u00 en zaterdag : 10u00 - 16u00).\u003C\/p\u003E\n\n\n\n\u003Cp\u003EDit seizoen dekt dit abonnement niet alleen de 11 thuiswedstrijden van de reguliere competitie maar ook de 3 thuiswedstrijden van de Playoffs.\u003C\/p\u003E\n\n\n\n\u003Cdiv style=\u0022height:30px\u0022 aria-hidden=\u0022true\u0022 class=\u0022wp-block-spacer\u0022\u003E\u003C\/div\u003E\n\n\n\n\u003Cp\u003E\u003Cstrong\u003E\u003Cu\u003EDe tarieven\u0026nbsp;:\u003C\/u\u003E\u003C\/strong\u003E\u003C\/p\u003E\n\n\n\n\u003Cp\u003E- \u20ac 80.\u003C\/p\u003E\n\n\n\n\u003Cp\u003E- GRATIS voor abonnees 26-27 van de mannenploeg.\u003C\/p\u003E\n\n\n\n\u003Cp\u003E- GRATIS voor jongeren onder de 16 en 60-plussers.\u003C\/p\u003E\n\n\n\n\u003Cp\u003EHet abonnement wordt aangeboden in de vorm van e-tickets. U kunt uw ticket voor elke wedstrijd rechtstreeks terugvinden in uw online ticketaccount.\u003C\/p\u003E\n\n\n\n\u003Cp\u003EHou er rekening mee dat de prijs per wedstrijdticket wordt vastgesteld op \u20ac 10.\u003C\/p\u003E\n\n\n\n\u003Cdiv style=\u0022height:30px\u0022 aria-hidden=\u0022true\u0022 class=\u0022wp-block-spacer\u0022\u003E\u003C\/div\u003E\n\n\n\n\u003Cp\u003E\u003Cstrong\u003E\u003Cu\u003EHet speelschema van de reguliere competitie\u0026nbsp;:\u003C\/u\u003E\u003C\/strong\u003E\u003C\/p\u003E\n\n\n\n\u003Cp\u003E1. Club YLA - Standard Femina\u0026nbsp;: zaterdag 5 september om 16u00\u003C\/p\u003E\n\n\n\n\u003Cp\u003E2. Standard Femina - Les Louvi\u00e9roises\u0026nbsp;: zaterdag 12 september om 19u30\u0026nbsp;\u0026nbsp;\u0026nbsp;\u0026nbsp;\u0026nbsp;\u0026nbsp;\u0026nbsp;\u0026nbsp;\u0026nbsp;\u0026nbsp;\u0026nbsp;\u003C\/p\u003E\n\n\n\n\u003Cp\u003E3. Standard Femina - OH Leuven Women : zaterdag 19 september om 13u30\u003C\/p\u003E\n\n\n\n\u003Cp\u003E4. Essevee Women - Standard Femina : zaterdag 26 september om 16u00\u003C\/p\u003E\n\n\n\n\u003Cp\u003E5. Standard Femina - KRC Genk Ladies : zaterdag 3 oktober om 19u30\u003C\/p\u003E\n\n\n\n\u003Cp\u003E6. KAA Gent Ladies - Standard Femina\u0026nbsp;: \u0026nbsp;16-17-18 oktober\u003C\/p\u003E\n\n\n\n\u003Cp\u003E7. Standard Femina - RSCA Women 23-24-25 oktober\u003C\/p\u003E\n\n\n\n\u003Cp\u003E8. Standard Femina - Essevee Women : 6-7-8 november\u003C\/p\u003E\n\n\n\n\u003Cp\u003E9. Les Louvi\u00e9roises - Standard Femina\u0026nbsp;: 13-14-15 november\u003C\/p\u003E\n\n\n\n\u003Cp\u003E10. Standard Femina - Club YLA\u0026nbsp;: 20-21-22 november\u003C\/p\u003E\n\n\n\n\u003Cp\u003E11. OH Leuven Women - Standard Femina\u0026nbsp;: 12-13-14 december\u003C\/p\u003E\n\n\n\n\u003Cp\u003E12. KRC Genk Ladies - Standard Femina : 18-19-20 december\u003C\/p\u003E\n\n\n\n\u003Cp\u003E13. Standard Femina - KAA Gent Ladies\u0026nbsp;: 8-9-10 januari 2027\u003C\/p\u003E\n\n\n\n\u003Cp\u003E14. RSCA Women- Standard Femina : 15-16-17 januari 2027\u003C\/p\u003E\n\n\n\n\u003Cp\u003E15. Standard Femina - Essevee Women : 22-23-24 januari 2027\u003C\/p\u003E\n\n\n\n\u003Cp\u003E16. KRC Genk Ladies - Standard Femina : 29-30-31 januari 2027\u003C\/p\u003E\n\n\n\n\u003Cp\u003E17. Standard Femina - Club YLA : 5-6-7 februari 2027\u003C\/p\u003E\n\n\n\n\u003Cp\u003E18. RSCA Women - Standard Femina : 12-13-14 februari 2027\u003C\/p\u003E\n\n\n\n\u003Cp\u003E19. Standard Femina - Les Louvi\u00e9roises\u0026nbsp;: 19-20-21 februari 2027\u003C\/p\u003E\n\n\n\n\u003Cp\u003E20. KAA Gent Ladies - Standard Femina\u0026nbsp;: 12-13-14 maart 2027\u003C\/p\u003E\n\n\n\n\u003Cp\u003E21. Standard Femina - OH Leuven Women : 19-20-21 maart 2027\u003C\/p\u003E\n\u003C\/div\u003E\n\u003C\/div\u003E\n","summary":"\n\n\nDe abonnementscampagne voor de thuiswedstrijde","image":"\/\/static.standard.be\/cdn\/ff\/JYLTU6nzZ0i-_IasmpIqzDz4q6eMNG4Yjig_XZeFYEA\/1785916863\/public\/styles\/max_1200\/public\/2026-08\/Abo-Femina-1920x1080.jpg.webp?itok=os-MMGXM","banner_image":"\/\/static.standard.be\/cdn\/ff\/JYLTU6nzZ0i-_IasmpIqzDz4q6eMNG4Yjig_XZeFYEA\/1785916863\/public\/styles\/max_1200\/public\/2026-08\/Abo-Femina-1920x1080.jpg.webp?itok=os-MMGXM","date_published":"2026-08-28T06:30:00+02:00\n","date_modified":"2026-08-28T07:21:12+02:00\n","tags":["Standard Femina"]},{"id":"640b3f30-5719-40a7-96bb-5e9d3f7d1b06","url":"https:\/\/standard.be\/nl\/news\/sl16-fc-ru-tubize-braine-deze-zondag-30-augustus-om-15u","external_url":"https:\/\/standard.be\/nl\/news\/sl16-fc-ru-tubize-braine-deze-zondag-30-augustus-om-15u?webview=","title":"SL16 FC - RU Tubize-Braine deze zondag 30 augustus om 15u","content_html":"\n\u003Cdiv class=\u0022wp-block-group alignfull has-light-background-color has-background is-layout-constrained wp-block-group-is-layout-constrained\u0022 style=\u0022margin-top:0;margin-bottom:0;padding-top:var(--wp--preset--spacing--80);padding-right:var(--wp--preset--spacing--40);padding-bottom:var(--wp--preset--spacing--80);padding-left:var(--wp--preset--spacing--40)\u0022\u003E\n\u003Cdiv class=\u0022wp-block-group is-layout-constrained wp-block-group-is-layout-constrained\u0022 style=\u0022margin-top:0;margin-bottom:0;padding-top:0;padding-right:0;padding-bottom:0;padding-left:0\u0022\u003E\n\u003Cp\u003E\u003Cstrong\u003EDeze zondag 30 augustus om 15u ontvangen onze U23 Royale Union Tubize-Braine voor hun eerste thuiswedstrijd van dit nieuwe seizoen in D1 FFA.\u003C\/strong\u003E\u003C\/p\u003E\n\n\n\n\u003Cdiv style=\u0022height:20px\u0022 aria-hidden=\u0022true\u0022 class=\u0022wp-block-spacer\u0022\u003E\u003C\/div\u003E\n\n\n\n\u003Cp\u003E\u003Cstrong\u003EPlaats :\u003C\/strong\u003E\u0026nbsp;het veld P3 (tribuneblok) van ons opleidingscentrum, All\u00e9e du Bol d\u0027Air 11-13, 4031 Angleur.\u003C\/p\u003E\n\n\n\n\u003Cp\u003E\u003Cstrong\u003ETarieven :\u003C\/strong\u003E\u003C\/p\u003E\n\n\n\n\u003Cp\u003EAbonnees van Standard de Li\u00e8ge en van SL16 Football Campus: gratis.\u003C\/p\u003E\n\n\n\n\u003Cp\u003EVol tarief : \u20ac 10,00.\u003C\/p\u003E\n\n\n\n\u003Cp\u003EOnder 16 jaar : \u20ac 5,00.\u003C\/p\u003E\n\n\n\n\u003Cdiv style=\u0022height:20px\u0022 aria-hidden=\u0022true\u0022 class=\u0022wp-block-spacer\u0022\u003E\u003C\/div\u003E\n\n\n\n\u003Cp\u003E\u003Cstrong\u003EKom onze jonge talenten aanmoedigen!\u003C\/strong\u003E\u003C\/p\u003E\n\u003C\/div\u003E\n\u003C\/div\u003E\n","summary":"\n\n\nDeze zondag 30 augustus om 15u ontvangen onze ","image":"\/\/static.standard.be\/cdn\/ff\/3A0TGc327j7KGkyJf-GHqgKApLsI9eTSDFUM-Px6ztk\/1787838176\/public\/styles\/max_1200\/public\/2026-08\/SL16FC-Tubize-1920x1080.jpg.webp?itok=N9xgwPBh","banner_image":"\/\/static.standard.be\/cdn\/ff\/3A0TGc327j7KGkyJf-GHqgKApLsI9eTSDFUM-Px6ztk\/1787838176\/public\/styles\/max_1200\/public\/2026-08\/SL16FC-Tubize-1920x1080.jpg.webp?itok=N9xgwPBh","date_published":"2026-08-27T15:40:00+02:00\n","date_modified":"2026-09-01T07:38:52+02:00\n","tags":["SL16 Football Campus"]},{"id":"80b30bed-536c-40f1-a496-a3b96e63ab0e","url":"https:\/\/standard.be\/nl\/news\/oh-leuven-standard-de-liege-wedstrijdinfo","external_url":"https:\/\/standard.be\/nl\/news\/oh-leuven-standard-de-liege-wedstrijdinfo?webview=","title":"OH Leuven - Standard de Li\u00e8ge: wedstrijdinfo","content_html":"\n\u003Cdiv class=\u0022wp-block-group alignfull has-primary-color has-white-background-color has-text-color has-background has-link-color is-layout-constrained wp-block-group-is-layout-constrained\u0022 style=\u0022margin-top:0;margin-bottom:0;padding-top:var(--wp--preset--spacing--80);padding-right:var(--wp--preset--spacing--40);padding-bottom:var(--wp--preset--spacing--80);padding-left:var(--wp--preset--spacing--40)\u0022\u003E\n\u003Ch2 class=\u0022wp-block-heading has-dark-color has-text-color has-link-color\u0022\u003EDATUM\u003C\/h2\u003E\n\n\n\n\u003Cp class=\u0022has-dark-color has-text-color has-link-color\u0022\u003EZaterdag 29\/08\/2026 om 20u45.\u003C\/p\u003E\n\u003C\/div\u003E\n\n\n\n\u003Cdiv class=\u0022wp-block-group alignfull has-secondary-light-background-color has-background is-layout-constrained wp-block-group-is-layout-constrained\u0022 style=\u0022margin-top:0;margin-bottom:0;padding-top:var(--wp--preset--spacing--80);padding-right:var(--wp--preset--spacing--40);padding-bottom:var(--wp--preset--spacing--80);padding-left:var(--wp--preset--spacing--40)\u0022\u003E\n\u003Cdiv class=\u0022wp-block-group is-layout-constrained wp-block-group-is-layout-constrained\u0022\u003E\n\u003Ch2 class=\u0022wp-block-heading has-text-align-left\u0022\u003EADRES VAN HET STADION\u003C\/h2\u003E\n\n\n\n\u003Cp class=\u0022has-text-align-left\u0022\u003EKing Power Stadion in Den Dreef.\u003C\/p\u003E\n\u003C\/div\u003E\n\u003C\/div\u003E\n\n\n\n\u003Cdiv class=\u0022wp-block-group alignfull has-white-color has-primary-dark-gradient-background has-text-color has-background has-link-color is-layout-constrained wp-block-group-is-layout-constrained\u0022 style=\u0022margin-top:0;margin-bottom:0;padding-top:var(--wp--preset--spacing--80);padding-right:var(--wp--preset--spacing--40);padding-bottom:var(--wp--preset--spacing--80);padding-left:var(--wp--preset--spacing--40)\u0022\u003E\n\u003Ch2 class=\u0022wp-block-heading\u0022\u003EVERVOERSVOORWAARDEN EN ROUTEBESCHRIJVING \u003C\/h2\u003E\n\n\n\n\u003Cp class=\u0022has-white-color has-text-color has-link-color\u0022\u003ECombi-systeem : JA (max. 16 autocars)\u003C\/p\u003E\n\n\n\n\u003Cp class=\u0022has-white-color has-text-color has-link-color\u0022\u003E\u003Cbr\u003EVia de E40 \u2013 E314 :\u003Cbr\u003E\u2022 Neem op het knooppunt tussen de E40 en de E314 de richting Leuven \u2013 Hasselt \u2013 Genk.\u003Cbr\u003E\u2022 Neem afrit 15 Leuven.\u003Cbr\u003E\u2022 Volg de Koning Boudewijnlaan.\u003Cbr\u003E\u2022 Sla rechtsaf naar de Tervuurse Vest richting King Power Stadion.\u003Cbr\u003E\u2022 Toegang tot de parking via ingang A aan de rechterzijde.\u003Cbr\u003EDeze routes kunnen door de politie worden gewijzigd om veiligheidsredenen.\u003Cbr\u003EAls deze instructies niet worden opgevolgd, kan de politie een proces-verbaal opstellen tegen de overtreder.\u003C\/p\u003E\n\u003C\/div\u003E\n\n\n\n\u003Cdiv class=\u0022wp-block-group alignfull has-dark-color has-white-background-color has-text-color has-background has-link-color is-layout-constrained wp-block-group-is-layout-constrained\u0022 style=\u0022margin-top:0;margin-bottom:0;padding-top:var(--wp--preset--spacing--80);padding-right:var(--wp--preset--spacing--40);padding-bottom:var(--wp--preset--spacing--80);padding-left:var(--wp--preset--spacing--40)\u0022\u003E\n\u003Ch2 class=\u0022wp-block-heading\u0022\u003ETICKETVERKOOP\u003C\/h2\u003E\n\n\n\n\u003Cp class=\u0022has-dark-color has-text-color has-link-color\u0022\u003EZitplaatsen :\u003Cstrong\u003E 704\u003C\/strong\u003E\u003C\/p\u003E\n\n\n\n\u003Cp class=\u0022has-dark-color has-text-color has-link-color\u0022\u003E\u003Cbr\u003EPrijzen :\u003Cbr\u003E\u2022 Volwassenen : \u003Cstrong\u003E21 \u20ac\u003C\/strong\u003E\u003Cbr\u003E\u2022 18 jaar : \u003Cstrong\u003E11 \u20ac\u003C\/strong\u003E\u003C\/p\u003E\n\n\n\n\u003Cp class=\u0022has-dark-color has-text-color has-link-color\u0022\u003E\u003Cbr\u003EAls de vraag groter is dan het aantal beschikbare plaatsen, wordt er door de ticketdienst een quotum toegekend aan elke supportersclub\/groep.\u003C\/p\u003E\n\n\n\n\u003Cp\u003E \u003C\/p\u003E\n\n\n\n\u003Cp\u003EDe 3 FNS-plaatsen zijn inbegrepen in het aan bezoekers toegewezen quotum : \u003Cstrong\u003ENEEN \u003C\/strong\u003E\u003C\/p\u003E\n\n\n\n\u003Cp\u003E\u003Cbr\u003EDe clubs\/groepen worden verzocht het document \u00ab infos demand\u00e9es \u00bb met het aantal gewenste plaatsen (volwassenen en minderjarigen), evenals voor de bussen, uiterlijk donderdag 20\/08\/2026 om 12u00 aan de ticketdienst en de SLO te bezorgen.\u003C\/p\u003E\n\n\n\n\u003Cp\u003E\u003Cbr\u003EDe ontvangers van de tickets moeten geregistreerd zijn in het Roboticket-systeem bij Standard de Li\u00e8ge.\u003C\/p\u003E\n\n\n\n\u003Cp\u003E\u003Cbr\u003EIn overeenstemming met het nieuwe Koninklijk Besluit betreffende de verkoop van tickets, zijn de tickets op naam en moet de persoon die zich bij de ingang van het stadion meldt overeenkomen met de naam op het ticket.\u003C\/p\u003E\n\n\n\n\u003Cp\u003E\u003Cbr\u003EControles door bevoegde autoriteiten aan de ingang van het stadion blijven altijd mogelijk.\u003C\/p\u003E\n\u003C\/div\u003E\n\n\n\n\u003Cdiv class=\u0022wp-block-group alignfull has-secondary-light-background-color has-background is-layout-constrained wp-block-group-is-layout-constrained\u0022 style=\u0022margin-top:0;margin-bottom:0;padding-top:var(--wp--preset--spacing--80);padding-right:var(--wp--preset--spacing--40);padding-bottom:var(--wp--preset--spacing--80);padding-left:var(--wp--preset--spacing--40)\u0022\u003E\n\u003Ch2 class=\u0022wp-block-heading\u0022\u003EPMR\u003C\/h2\u003E\n\n\n\n\u003Cp\u003EAantal plaatsen voor rolstoelgebruikers : \u003Cstrong\u003E10 (11 \u20ac)\u003C\/strong\u003E\u003C\/p\u003E\n\n\n\n\u003Cp\u003E\u003Cbr\u003EAantal plaatsen voor begeleiders : \u003Cstrong\u003E10 (1 \u20ac)\u003C\/strong\u003E\u003C\/p\u003E\n\n\n\n\u003Cp\u003E\u003Cbr\u003EDeze plaatsen zijn inbegrepen in het aan bezoekers toegewezen quotum : \u003Cstrong\u003ENEEN\u003C\/strong\u003E\u003C\/p\u003E\n\n\n\n\u003Cp\u003E\u003Cbr\u003EDeze plaatsen kunnen worden verkregen bij de ticketdienst van Standard :\u003Cstrong\u003E JA\u003C\/strong\u003E\u003C\/p\u003E\n\n\n\n\u003Cp\u003E\u003Cbr\u003EDeze plaatsen kunnen op de wedstrijddag bij het stadion worden verkregen : \u003Cstrong\u003ENEEN\u003C\/strong\u003E\u003C\/p\u003E\n\u003C\/div\u003E\n\n\n\n\u003Cdiv class=\u0022wp-block-group alignfull has-white-color has-primary-dark-gradient-background has-text-color has-background has-link-color is-layout-constrained wp-block-group-is-layout-constrained\u0022 style=\u0022margin-top:0;margin-bottom:0;padding-top:var(--wp--preset--spacing--80);padding-right:var(--wp--preset--spacing--40);padding-bottom:var(--wp--preset--spacing--80);padding-left:var(--wp--preset--spacing--40)\u0022\u003E\n\u003Ch2 class=\u0022wp-block-heading has-text-align-left\u0022\u003EAUTOCARCHAUFFEURS\u003C\/h2\u003E\n\n\n\n\u003Cp\u003EAutocarchauffeurs kunnen binnenkomen bij voorlegging van hun routeblad :\u003Cstrong\u003E JA\u003C\/strong\u003E\u003C\/p\u003E\n\n\n\n\u003Cp\u003E\u003Cbr\u003EVoordat de supporters de autocar verlaten, moet de verantwoordelijke duidelijk aangeven dat de autocar uiterlijk 30 minuten na het einde van de wedstrijd moet vertrekken.\u003Cbr\u003EDe chauffeurs moeten in hun autocar blijven totdat alle supporters het parkeerterrein in de richting van het stadion hebben verlaten.\u003Cbr\u003EZe moeten 15 minuten voor het einde van de wedstrijd naar hun autocar terugkeren.\u003C\/p\u003E\n\n\n\n\u003Cp\u003E \u003C\/p\u003E\n\u003C\/div\u003E\n\n\n\n\u003Cdiv class=\u0022wp-block-group alignfull has-white-background-color has-background is-layout-constrained wp-block-group-is-layout-constrained\u0022 style=\u0022margin-top:0;margin-bottom:0;padding-top:var(--wp--preset--spacing--80);padding-right:var(--wp--preset--spacing--40);padding-bottom:var(--wp--preset--spacing--80);padding-left:var(--wp--preset--spacing--40)\u0022\u003E\n\u003Ch2 class=\u0022wp-block-heading\u0022\u003EHUISREGLEMENT\u003C\/h2\u003E\n\n\n\n\u003Cp\u003ERoken is verboden in alle Pro League-stadions.\u003C\/p\u003E\n\n\n\n\u003Cp\u003EDranken toegestaan op de tribunes : \u003Cstrong\u003EJA\u003C\/strong\u003E\u003C\/p\u003E\n\n\n\n\u003Cp\u003EEten toegestaan op de tribunes : \u003Cstrong\u003EJA\u003C\/strong\u003E\u003C\/p\u003E\n\n\n\n\u003Cp\u003EVlaggen : \u003Cstrong\u003EJA - Alleen vlaggen met \u00e9\u00e9n stok zijn toegestaan.\u003C\/strong\u003E\u003C\/p\u003E\n\n\n\n\u003Cul\u003E\n\u003Cli\u003EVlaggen met gemeenschaps- of politieke strekking (Vlaamse Leeuw, Waalse haan, \u2026) zijn verboden.\u003C\/li\u003E\n\n\n\n\u003Cli\u003EZe moeten minimaal \u00e9\u00e9n week voor de wedstrijd worden aangevraagd met foto\u0027s en afmetingen.\u003C\/li\u003E\n\u003C\/ul\u003E\n\n\n\n\u003Cp\u003EDe vlaggenstokken moeten aan de volgende voorwaarden voldoen :\u003C\/p\u003E\n\n\n\n\u003Cul\u003E\n\u003Cli\u003Egeen telescopische stokken van het hengeltype.\u003C\/li\u003E\n\n\n\n\u003Cli\u003Elicht, flexibel en hol.\u003C\/li\u003E\n\n\n\n\u003Cli\u003Evan kunststof.\u003C\/li\u003E\n\n\n\n\u003Cli\u003Ein \u00e9\u00e9n stuk.\u003C\/li\u003E\n\n\n\n\u003Cli\u003Emaximaal 2 m\u003C\/li\u003E\n\n\n\n\u003Cli\u003Evlaggen groter dan 2 m x 2 m moeten behandeld zijn met een brandvertragend middel en vergezeld zijn van een Europees B1\/M1-certificaat (brandvertragend).\u003C\/li\u003E\n\n\n\n\u003Cli\u003Emoeten minimaal \u00e9\u00e9n week voor de wedstrijd worden aangevraagd met foto\u0027s en afmetingen.\u003C\/li\u003E\n\n\n\n\u003Cli\u003Egeen vlaggen op reclameborden plaatsen.\u003C\/li\u003E\n\u003C\/ul\u003E\n\n\n\n\u003Cp\u003EDoeken\/banieren : \u003Cstrong\u003EJA\u003C\/strong\u003E\u003C\/p\u003E\n\n\n\n\u003Cul\u003E\n\u003Cli\u003EDoeken\/banieren met gemeenschaps- of politieke strekking (Vlaamse Leeuw, Waalse haan, \u2026) zijn verboden.\u003C\/li\u003E\n\n\n\n\u003Cli\u003EDoeken\/banieren groter dan 2 m x 2 m moeten behandeld zijn met een brandvertragend middel en vergezeld zijn van een Europees B1\/M1-certificaat (brandvertragend).\u003C\/li\u003E\n\n\n\n\u003Cli\u003EZe moeten minimaal \u00e9\u00e9n week voor de wedstrijd worden aangevraagd.\u003C\/li\u003E\n\n\n\n\u003Cli\u003EGeen vlaggen op reclameborden plaatsen.\u003C\/li\u003E\n\u003C\/ul\u003E\n\n\n\n\u003Cp\u003EMegafoon : \u003Cstrong\u003EJA (Max 2) na identificatie van de gebruiker.\u003C\/strong\u003E\u003C\/p\u003E\n\n\n\n\u003Cp\u003ETrommels : \u003Cstrong\u003EJA (Max 2) na identificatie van de gebruiker.\u003C\/strong\u003E\u003C\/p\u003E\n\n\n\n\u003Cp\u003EDe volgende voorwerpen zijn verboden :\u003C\/p\u003E\n\n\n\n\u003Cul\u003E\n\u003Cli\u003Ehandtassen groter dan A4-formaat zijn verboden.\u003C\/li\u003E\n\n\n\n\u003Cli\u003Esporttassen en rugzakken zijn verboden.\u003C\/li\u003E\n\n\n\n\u003Cli\u003Ealle papiermaterialen (stroken papier, confetti, ...).\u003C\/li\u003E\n\n\n\n\u003Cli\u003Evuvuzela\u0027s, gasclaxons, fluiten.\u003C\/li\u003E\n\n\n\n\u003Cli\u003Edrukhoudende containers zijn verboden.\u003C\/li\u003E\n\n\n\n\u003Cli\u003Eblikjes zijn verboden.\u003C\/li\u003E\n\n\n\n\u003Cli\u003Eglazen voorwerpen zijn verboden.\u003C\/li\u003E\n\n\n\n\u003Cli\u003Eparaplu\u0027s.\u003C\/li\u003E\n\n\n\n\u003Cli\u003Eselfiesticks en laserpennen.\u003C\/li\u003E\n\n\n\n\u003Cli\u003Epyrotechnische middelen.\u003C\/li\u003E\n\n\n\n\u003Cli\u003Emaskers en bivakmutsen, \u2026\u003C\/li\u003E\n\n\n\n\u003Cli\u003Ealle voorwerpen die hinder of schade kunnen veroorzaken door gebruik of misbruik.\u003C\/li\u003E\n\u003C\/ul\u003E\n\u003C\/div\u003E\n\n\n\n\u003Cdiv class=\u0022wp-block-group alignfull has-secondary-light-background-color has-background is-layout-constrained wp-block-group-is-layout-constrained\u0022 style=\u0022margin-top:0;margin-bottom:0;padding-top:var(--wp--preset--spacing--80);padding-right:var(--wp--preset--spacing--40);padding-bottom:var(--wp--preset--spacing--80);padding-left:var(--wp--preset--spacing--40)\u0022\u003E\n\u003Ch2 class=\u0022wp-block-heading\u0022\u003EETEN \u0026amp; DRANKEN\u003C\/h2\u003E\n\n\n\n\u003Cul\u003E\n\u003Cli\u003ECash : \u003Cstrong\u003ENEEN\u003C\/strong\u003E\u003C\/li\u003E\n\n\n\n\u003Cli\u003EBankkaart : \u003Cstrong\u003EJA\u003C\/strong\u003E\u003C\/li\u003E\n\n\n\n\u003Cli\u003EHergebruikbare bekers met waarborg.\u003C\/li\u003E\n\u003C\/ul\u003E\n\u003C\/div\u003E\n","summary":"\n\nDATUM\n\n\n\nZaterdag 29\/08\/2026 om 20u45.","image":"\/\/static.standard.be\/cdn\/ff\/acTqGUmoBm2nbbJGg7LnrSU-wKQvzEPXi3rsbr0e1jw\/1787648480\/public\/styles\/max_1200\/public\/2026-08\/OHL-Standard-1920x1080.jpg.webp?itok=FgtER3N7","banner_image":"\/\/static.standard.be\/cdn\/ff\/acTqGUmoBm2nbbJGg7LnrSU-wKQvzEPXi3rsbr0e1jw\/1787648480\/public\/styles\/max_1200\/public\/2026-08\/OHL-Standard-1920x1080.jpg.webp?itok=FgtER3N7","date_published":"2026-08-25T10:50:00+02:00\n","date_modified":"2026-08-30T00:50:37+02:00\n","tags":["Supportersinfo"]},{"id":"5dc559c6-3257-4348-957c-e0807c2dd6a7","url":"https:\/\/standard.be\/nl\/news\/bosko-sutalo-op-huurbasis-naar-aris-salonique","external_url":"https:\/\/standard.be\/nl\/news\/bosko-sutalo-op-huurbasis-naar-aris-salonique?webview=","title":"Bo\u0161ko \u0160utalo op huurbasis naar Aris Salonique","content_html":"\n\u003Cdiv class=\u0022wp-block-group alignfull has-light-background-color has-background is-layout-constrained wp-block-group-is-layout-constrained\u0022 style=\u0022margin-top:0;margin-bottom:0;padding-top:var(--wp--preset--spacing--80);padding-right:var(--wp--preset--spacing--40);padding-bottom:var(--wp--preset--spacing--80);padding-left:var(--wp--preset--spacing--40)\u0022\u003E\n\u003Cdiv class=\u0022wp-block-group is-layout-constrained wp-block-group-is-layout-constrained\u0022 style=\u0022margin-top:0;margin-bottom:0;padding-top:0;padding-right:0;padding-bottom:0;padding-left:0\u0022\u003E\n\u003Cp\u003EStandard de Li\u00e8ge, Aris Salonique FC en Bo\u0161ko \u0160utalo hebben een akkoord bereikt : de Kroatische verdediger is uitgeleend (met een aankoopoptie) aan de Griekse club voor dit seizoen.\u003C\/p\u003E\n\n\n\n\u003Cp\u003EWij wensen hem een zeer goed seizoen.\u003C\/p\u003E\n\u003C\/div\u003E\n\u003C\/div\u003E\n","summary":"\n\n\nStandard de Li\u00e8ge, Aris Salonique FC en Bo\u0161ko \u0160utalo h","image":"\/\/static.standard.be\/cdn\/ff\/uBwJR2UN6xe4fdPtcvUL6yMhMoLjt56KVxw2QuEu2Ow\/1787585198\/public\/styles\/max_1200\/public\/2026-08\/Bosko%20Sutalo.jpg.webp?itok=vDjH109f","banner_image":"\/\/static.standard.be\/cdn\/ff\/uBwJR2UN6xe4fdPtcvUL6yMhMoLjt56KVxw2QuEu2Ow\/1787585198\/public\/styles\/max_1200\/public\/2026-08\/Bosko%20Sutalo.jpg.webp?itok=vDjH109f","date_published":"2026-08-24T17:30:00+02:00\n","date_modified":"2026-08-24T17:26:29+02:00\n","tags":["Offici\u00eble Persberichten"]},{"id":"55736dc6-d606-4ad3-9ad3-45f473ecc610","url":"https:\/\/standard.be\/nl\/news\/robert-absolonne-0","external_url":"https:\/\/standard.be\/nl\/news\/robert-absolonne-0?webview=","title":"Robert Absolonne","content_html":"\n\u003Cdiv class=\u0022wp-block-group alignfull has-light-background-color has-background is-layout-constrained wp-block-group-is-layout-constrained\u0022 style=\u0022margin-top:0;margin-bottom:0;padding-top:var(--wp--preset--spacing--80);padding-right:var(--wp--preset--spacing--40);padding-bottom:var(--wp--preset--spacing--80);padding-left:var(--wp--preset--spacing--40)\u0022\u003E\n\u003Cdiv class=\u0022wp-block-group is-layout-constrained wp-block-group-is-layout-constrained\u0022 style=\u0022margin-top:0;margin-bottom:0;padding-top:0;padding-right:0;padding-bottom:0;padding-left:0\u0022\u003E\n\u003Cp\u003EAfgelopen vrijdagavond hebben we samen een warm eerbetoon gebracht aan onze voormalige clubfotograaf, Robert Absolonne.\u003C\/p\u003E\n\n\n\n\u003Cp\u003EGedurende vele jaren heeft Robert de sportieve prestaties van onze teams vereeuwigd (met bijzondere aandacht voor Standard Femina dat hij koesterde) en de grote gebeurtenissen uit het leven van onze club vastgelegd in prachtige, onvergetelijke foto\u0027s.\u003C\/p\u003E\n\n\n\n\u003Cp\u003ERobert was een echte gepassioneerde; hij deelde zijn passie met ons, met talent en vrijgevigheid.\u003C\/p\u003E\n\n\n\n\u003Cp\u003EHij zal gegrift blijven in onze herinnering en in die van onze talrijke supporters die het geluk hadden hem te kennen of door de kunstenaar op de foto te laten zetten.\u003C\/p\u003E\n\n\n\n\u003Cp\u003EWij betuigen onze innige deelneming aan zijn familie en naasten.\u003C\/p\u003E\n\n\n\n\u003Cp\u003EVoor altijd in onze harten. Rust in vrede, Robert.\u003C\/p\u003E\n\n\n\n\u003Cdiv style=\u0022height:20px\u0022 aria-hidden=\u0022true\u0022 class=\u0022wp-block-spacer\u0022\u003E\u003C\/div\u003E\n\n\n\n\u003Cfigure class=\u0022wp-block-image aligncenter size-full\u0022\u003E\u003Cimg data-image-size=\u0022full\u0022 src=\u0022\/\/static.standard.be\/cdn\/ff\/bAJz99wnsvyTK5Ij7Qhbxw8AiJivhL-6H8z1USejLsc\/1787379834\/public\/2026-08\/Absolonne_0.jpg\u0022 alt=\u0022\u0022 class=\u0022wp-image-152946\u0022 data-entity-type=\u0022file\u0022 data-entity-uuid=\u00220117d3a3-c620-43d3-b665-057381067034\u0022 data-image-style=\u0022original\u0022\/\u003E\u003C\/figure\u003E\n\u003C\/div\u003E\n\u003C\/div\u003E\n","summary":"\n\n\nAfgelopen vrijdagavond hebben we samen een warm eerbet","image":"\/\/static.standard.be\/cdn\/ff\/HeRkcayUVmyWMTl4r9Q3lNcaU5gwYha-ALQkYlZlBUE\/1787380438\/public\/styles\/max_1200\/public\/2026-08\/Robert%20Absolonne_0.jpg.webp?itok=HV-5Rniu","banner_image":"\/\/static.standard.be\/cdn\/ff\/HeRkcayUVmyWMTl4r9Q3lNcaU5gwYha-ALQkYlZlBUE\/1787380438\/public\/styles\/max_1200\/public\/2026-08\/Robert%20Absolonne_0.jpg.webp?itok=HV-5Rniu","date_published":"2026-08-22T08:00:00+02:00\n","date_modified":"2026-09-01T07:44:47+02:00\n","tags":["Supportersinfo"]},{"id":"d5196745-095d-4d81-adc7-216a99b08b08","url":"https:\/\/standard.be\/nl\/news\/standard-de-liege-raal-la-louviere-praktische-info","external_url":"https:\/\/standard.be\/nl\/news\/standard-de-liege-raal-la-louviere-praktische-info?webview=","title":"Standard de Li\u00e8ge - RAAL La Louvi\u00e8re : praktische info","content_html":"\n\u003Cdiv class=\u0022wp-block-group alignfull has-light-background-color has-background is-layout-constrained wp-block-group-is-layout-constrained\u0022 style=\u0022margin-top:0;margin-bottom:0;padding-top:0;padding-right:var(--wp--preset--spacing--40);padding-bottom:0;padding-left:var(--wp--preset--spacing--40)\u0022\u003E\n\u003Cdiv class=\u0022wp-block-group is-layout-constrained wp-block-group-is-layout-constrained\u0022 style=\u0022margin-top:0;margin-bottom:0;padding-top:0;padding-right:0;padding-bottom:0;padding-left:0\u0022\u003E\n\u003Cdiv class=\u0022wp-block-group alignfull is-layout-constrained wp-block-group-is-layout-constrained\u0022 style=\u0022margin-top:0;margin-bottom:0;padding-top:var(--wp--preset--spacing--50);padding-right:var(--wp--preset--spacing--40);padding-bottom:var(--wp--preset--spacing--50);padding-left:var(--wp--preset--spacing--40)\u0022\u003E\n\u003Cdiv class=\u0022wp-block-group is-vertical is-content-justification-center is-layout-flex wp-container-core-group-layout-67 wp-block-group-is-layout-flex\u0022 style=\u0022margin-top:0;margin-bottom:0;padding-top:0;padding-right:0;padding-bottom:0;padding-left:0\u0022\u003E\n\u003Ch4 class=\u0022wp-block-heading has-text-align-center has-dark-color has-text-color has-link-color is-layout-flow wp-block-heading-is-layout-flow\u0022 style=\u0022font-style:normal;font-weight:200\u0022\u003EDeze vrijdag 21 augustus om 20u45 ontvangen de Rouches RAAL La Louvi\u00e8re in Sclessin voor de 3de speeldag van het kampioenschap. \u003C\/h4\u003E\n\n\n\n\u003Cdiv style=\u0022height:15px\u0022 aria-hidden=\u0022true\u0022 class=\u0022wp-block-spacer\u0022\u003E\u003C\/div\u003E\n\u003C\/div\u003E\n\n\n\n\u003Cp class=\u0022has-text-align-center has-medium-font-size\u0022\u003EHier vindt u enkele praktische info met betrekking tot deze wedstrijd.\u003C\/p\u003E\n\n\n\n\u003Cdiv style=\u0022height:15px\u0022 aria-hidden=\u0022true\u0022 class=\u0022wp-block-spacer\u0022\u003E\u003C\/div\u003E\n\u003C\/div\u003E\n\n\n\n\u003Cdiv class=\u0022wp-block-group alignfull has-white-color has-primary-dark-gradient-background has-text-color has-background has-link-color is-layout-constrained wp-block-group-is-layout-constrained\u0022 style=\u0022margin-top:0;margin-bottom:0;padding-top:var(--wp--preset--spacing--80);padding-right:var(--wp--preset--spacing--40);padding-bottom:var(--wp--preset--spacing--80);padding-left:var(--wp--preset--spacing--40)\u0022\u003E\n\u003Cdiv class=\u0022wp-block-group is-vertical is-layout-flex wp-container-core-group-layout-69 wp-block-group-is-layout-flex\u0022 style=\u0022margin-top:0;margin-bottom:0;padding-top:0;padding-right:0;padding-bottom:0;padding-left:0\u0022\u003E\n\u003Cdiv class=\u0022wp-block-columns is-layout-flex wp-container-core-columns-layout-1 wp-block-columns-is-layout-flex\u0022 style=\u0022margin-top:0;margin-bottom:0;padding-top:0;padding-right:0;padding-bottom:0;padding-left:0\u0022\u003E\n\u003Cdiv class=\u0022wp-block-column\u0022 style=\u0022flex-basis:25%\u0022\u003E\n\u003Ch2 class=\u0022wp-block-heading has-white-color has-text-color has-link-color\u0022\u003ETicketverkoop\u003C\/h2\u003E\n\u003C\/div\u003E\n\n\n\n\u003Cdiv class=\u0022wp-block-column\u0022 style=\u0022flex-basis:75%\u0022\u003E\n\u003Cp class=\u0022has-secondary-lightest-color has-text-color has-link-color has-normal-font-size\u0022\u003ETickets voor deze wedstrijd zijn te koop\u0026nbsp;op \u003Ca href=\u0022https:\/\/ticketing.standard.be\/\u0022 data-type=\u0022link\u0022 data-id=\u0022https:\/\/ticketing.standard.be\/\u0022 target=\u0022_blank\u0022 rel=\u0022noreferrer noopener\u0022\u003Eons online platform\u003C\/a\u003E\u0026nbsp;of aan de kassa van ons stadion. \u003Cstrong\u003ELet op\u0026nbsp;:\u003C\/strong\u003E\u0026nbsp;het is uiteraard nog steeds mogelijk een\u0026nbsp;\u0026lt;strong\u0026gt;abonnement\u0026nbsp;te kopen, dat verhoudingsgewijs voordeliger blijft.\u003C\/p\u003E\n\n\n\n\u003Cp class=\u0022has-primary-color has-text-color has-link-color has-normal-font-size\u0022\u003E\u003Ca href=\u0022https:\/\/standard.be\/nl\/news\/tickets-te-koop-voor-standard-raal-0\u0022 data-type=\u0022link\u0022 data-id=\u0022https:\/\/standard.be\/nl\/news\/tickets-te-koop-voor-standard-raal-0\u0022 target=\u0022_blank\u0022 rel=\u0022noreferrer noopener\u0022\u003E-\u0026gt; info over tickets en abonnementen hier !\u0026nbsp;\u003C\/a\u003E\u003C\/p\u003E\n\n\n\n\u003Cp\u003EOp speeldag is de ticketbalie van tribune 2 geopend vanaf 10u00 en die van tribune 1 vanaf 18u15.\u0026nbsp;\u0026nbsp;\u003C\/p\u003E\n\n\n\n\u003Cp\u003E\u003Cstrong\u003EBelangrijke opmerking \u003C\/strong\u003E: \u0027priv\u00e9\u0027-abonnees (dus niet via een supportersclub) die online gekocht hebben en voor een nieuwe kaart gekozen hebben, kunnen deze afhalen aan het loket van T1 (voor abonnees in T1 of T4) of aan het loket van T2 (voor abonnees in T2 of T3) op de wedstrijddag.\u003C\/p\u003E\n\n\n\n\u003Cp\u003EAls u ge\u00efnteresseerd bent in onze businessformules voor deze wedstrijd, info en contacten\u0026nbsp;\u003Ca href=\u0022https:\/\/issuu.com\/standarddeliege\/docs\/standard-hospitality?fr=xIAEoAT3_MzMz\u0022 data-type=\u0022link\u0022 data-id=\u0022https:\/\/issuu.com\/standarddeliege\/docs\/standard-hospitality?fr=xIAEoAT3_MzMz\u0022 target=\u0022_blank\u0022 rel=\u0022noreferrer noopener\u0022\u003Evia onze businessbrochure.\u003C\/a\u003E\u003C\/p\u003E\n\n\n\n\u003Cp\u003EVoor bezoekersupporters is het combi-systeem van toepassing (verplaatsing met autocar voor supporters die al een toegangsbewijs hebben). Bezoekerstickets zijn uitsluitend beschikbaar via RAAL La Louvi\u00e8re (geen voorverkoop of verkoop op de dag van de wedstrijd in Sclessin).\u003C\/p\u003E\n\u003C\/div\u003E\n\u003C\/div\u003E\n\u003C\/div\u003E\n\u003C\/div\u003E\n\n\n\n\u003Cdiv class=\u0022wp-block-group alignfull has-white-color has-secondary-muted-background-color has-text-color has-background has-link-color is-layout-constrained wp-block-group-is-layout-constrained\u0022 style=\u0022margin-top:0;margin-bottom:0;padding-top:var(--wp--preset--spacing--80);padding-right:var(--wp--preset--spacing--40);padding-bottom:var(--wp--preset--spacing--80);padding-left:var(--wp--preset--spacing--40)\u0022\u003E\n\u003Cdiv class=\u0022wp-block-group is-vertical is-layout-flex wp-container-core-group-layout-71 wp-block-group-is-layout-flex\u0022 style=\u0022margin-top:0;margin-bottom:0;padding-top:0;padding-right:0;padding-bottom:0;padding-left:0\u0022\u003E\n\u003Cdiv class=\u0022wp-block-columns is-layout-flex wp-container-core-columns-layout-2 wp-block-columns-is-layout-flex\u0022 style=\u0022margin-top:0;margin-bottom:0;padding-top:0;padding-right:0;padding-bottom:0;padding-left:0\u0022\u003E\n\u003Cdiv class=\u0022wp-block-column\u0022 style=\u0022flex-basis:25%\u0022\u003E\n\u003Ch2 class=\u0022wp-block-heading has-white-color has-text-color has-link-color\u0022\u003EStadion \u0026amp; Fanshops\u003C\/h2\u003E\n\u003C\/div\u003E\n\n\n\n\u003Cdiv class=\u0022wp-block-column\u0022 style=\u0022flex-basis:75%\u0022\u003E\n\u003Cp\u003EOns stadion opent zijn verschillende ingangen om 19u15 (1u30 voor de aftrap).\u003C\/p\u003E\n\n\n\n\u003Cp\u003EOnze Fanshop in tribune 2 is open van 10u00 tot 17u45.\u003C\/p\u003E\n\n\n\n\u003Cp\u003EVervolgens zijn onze Fanshops in tribune 1 en tribune 2 geopend vanaf 19u15 (18u15 voor klanten van de VIP-ruimtes) v\u00f3\u00f3r en tijdens de wedstrijd enkel voor supporters aanwezig in tribune 1 en tribune 2 \/ na de wedstrijd voor iedereen!\u0026nbsp;\u003C\/p\u003E\n\u003C\/div\u003E\n\u003C\/div\u003E\n\u003C\/div\u003E\n\u003C\/div\u003E\n\n\n\n\u003Cdiv class=\u0022wp-block-group alignfull is-layout-constrained wp-block-group-is-layout-constrained\u0022 style=\u0022margin-top:0;margin-bottom:0;padding-top:var(--wp--preset--spacing--80);padding-right:var(--wp--preset--spacing--40);padding-bottom:var(--wp--preset--spacing--80);padding-left:var(--wp--preset--spacing--40)\u0022\u003E\n\u003Cdiv class=\u0022wp-block-columns is-layout-flex wp-container-core-columns-layout-3 wp-block-columns-is-layout-flex\u0022 style=\u0022margin-top:0;margin-bottom:0;padding-top:0;padding-bottom:0\u0022\u003E\n\u003Cdiv class=\u0022wp-block-column is-vertically-aligned-stretch\u0022\u003E\n\u003Cdiv class=\u0022wp-block-group card card-light h-100 is-vertical is-content-justification-stretch is-layout-flex wp-container-core-group-layout-74 wp-block-group-is-layout-flex\u0022 style=\u0022margin-top:0;margin-bottom:0\u0022\u003E\n\u003Cdiv class=\u0022wp-block-group is-vertical is-layout-flex wp-container-core-group-layout-73 wp-block-group-is-layout-flex\u0022\u003E\n\u003Cfigure class=\u0022wp-block-image size-full is-resized\u0022\u003E\u003Cimg data-image-size=\u0022full\u0022 src=\u0022\/\/static.standard.be\/cdn\/ff\/EjkGGqFh3NbQXlLKsZ49Bw2qW5NZxHKtAChlCNo-u7o\/1743496721\/public\/2025-04\/glass-water.svg\u0022 alt=\u0022\u0022 class=\u0022wp-image-151500\u0022 style=\u0022width:40px\u0022 data-entity-type=\u0022file\u0022 data-entity-uuid=\u002252fa58e4-c70e-44e9-8875-2ea9a519f503\u0022 data-image-style=\u0022original\u0022\/\u003E\u003C\/figure\u003E\n\n\n\n\u003Ch4 class=\u0022wp-block-heading\u0022\u003EUw consumpties\u003C\/h4\u003E\n\n\n\n\u003Cp\u003EU kunt al uw consumpties in ons stadion met uw bankkaart betalen. We raden u aan deze snellere en praktischere betaalwijze te gebruiken.\u003C\/p\u003E\n\n\n\n\u003Cp\u003EAls u toch nog contant wilt betalen, zijn er nog 6 cashless-punten verspreid over onze 4 tribunes waar u een cashless-kaart met contant geld kunt opladen.\u003C\/p\u003E\n\n\n\n\u003Cp\u003ELet op : zoals vorig seizoen herhaaldelijk is meegedeeld, werken de oude cashless-kaarten niet meer en moet u aan een van onze cashless-punten een nieuwe kaart voor het nieuwe systeem kopen aan \u20ac 2.\u003C\/p\u003E\n\n\n\n\u003Cp\u003ETer herinnering, ons stadion is overgestapt op \u003Ca href=\u0022https:\/\/standard.be\/nl\/news\/ecocup\u0022 data-type=\u0022link\u0022 data-id=\u0022https:\/\/standard.be\/nl\/news\/ecocup\u0022 target=\u0022_blank\u0022 rel=\u0022noreferrer noopener\u0022\u003Eherbruikbare bekers\u003C\/a\u003E voor bepaalde dranken (bier\u2026)\u003C\/p\u003E\n\n\n\n\u003Cp\u003EDranken zijn toegestaan in de tribunes : \u003Ca href=\u0022https:\/\/standard.be\/nl\/news\/belangrijke-mededeling-over-dranken-op-de-tribunes\u0022 data-type=\u0022link\u0022 data-id=\u0022https:\/\/standard.be\/nl\/news\/belangrijke-mededeling-over-dranken-op-de-tribunes\u0022 target=\u0022_blank\u0022 rel=\u0022noreferrer noopener\u0022\u003Einfo hier !\u003C\/a\u003E\u003C\/p\u003E\n\u003C\/div\u003E\n\u003C\/div\u003E\n\u003C\/div\u003E\n\n\n\n\u003Cdiv class=\u0022wp-block-column is-vertically-aligned-stretch\u0022\u003E\n\u003Cdiv class=\u0022wp-block-group card card-light h-100 is-vertical is-content-justification-stretch is-layout-flex wp-container-core-group-layout-76 wp-block-group-is-layout-flex\u0022 style=\u0022margin-top:0;margin-bottom:0\u0022\u003E\n\u003Cdiv class=\u0022wp-block-group is-vertical is-layout-flex wp-container-core-group-layout-75 wp-block-group-is-layout-flex\u0022\u003E\n\u003Cfigure class=\u0022wp-block-image size-full is-resized\u0022\u003E\u003Cimg data-image-size=\u0022full\u0022 src=\u0022\/\/static.standard.be\/cdn\/ff\/CcuYMGSO0L0lgCbnuHYxPWNeznAMirrNkRXgu2up6Es\/1743496885\/public\/2025-04\/cigarette-off.svg\u0022 alt=\u0022\u0022 class=\u0022wp-image-151507\u0022 style=\u0022width:40px\u0022 data-entity-type=\u0022file\u0022 data-entity-uuid=\u002253d25197-69cb-4da9-afcb-52ed48f1762e\u0022 data-image-style=\u0022original\u0022\/\u003E\u003C\/figure\u003E\n\n\n\n\u003Ch4 class=\u0022wp-block-heading\u0022\u003ERookvrij stadion\u003C\/h4\u003E\n\n\n\n\u003Cp\u003EIn overeenstemming met de recente wetswijziging van de wet van 22 december 2009 is het voortaan verboden te roken in alle sportinfrastructuren in Belgi\u00eb :\u0026nbsp;\u003Ca href=\u0022https:\/\/standard.be\/nl\/news\/ons-stadion-en-ons-trainingscentrum-rookvrij\u0022 data-type=\u0022link\u0022 data-id=\u0022https:\/\/standard.be\/nl\/news\/ons-stadion-en-ons-trainingscentrum-rookvrij\u0022 target=\u0022_blank\u0022 rel=\u0022noreferrer noopener\u0022\u003Emeer info hier !\u003C\/a\u003E\u003C\/p\u003E\n\n\n\n\u003Cp\u003EEr zijn echter enkele \u00abrookzones\u00bb ingericht waar dat mogelijk was : een zone op de esplanade van tribune 1, een zone in de hoek van parking A tussen tribune 1 en tribune 3, een zone achteraan op de esplanade van tribune 2 (naast de WC en tegenover Club 1898), een zone naast de toegangsdraaipoortjes voor de blokken D-E-F 3, een zone in de hoek van parking I gelegen naast parking F in tribune 4 en een zone bij de ingang (linkerkant) van het bezoekersvak.\u003C\/p\u003E\n\n\n\n\u003Cp\u003EVolg alstublieft de aangebrachte signalisatie.\u0026nbsp;\u003C\/p\u003E\n\u003C\/div\u003E\n\n\n\n\u003Cdiv class=\u0022wp-block-buttons is-content-justification-left is-layout-flex wp-container-core-buttons-layout-9 wp-block-buttons-is-layout-flex\u0022\u003E\n\u003Cdiv class=\u0022wp-block-button has-custom-width wp-block-button__width-100 is-style-outline\u0022\u003E\u003Ca class=\u0022wp-block-button__link wp-element-button\u0022 href=\u0022https:\/\/static.standard.be\/cdn\/ff\/5izAvGZUq8A14noPP_tc2ifUIwRBOcX2wH-6e6-CV6w\/1754630765\/public\/2025-08\/zoneFumeur-plan-stade.pdf\u0022 target=\u0022_blank\u0022 rel=\u0022noreferrer noopener\u0022\u003EPlan van de zones\u003C\/a\u003E\u003C\/div\u003E\n\u003C\/div\u003E\n\u003C\/div\u003E\n\u003C\/div\u003E\n\n\n\n\u003Cdiv class=\u0022wp-block-column is-vertically-aligned-stretch\u0022\u003E\n\u003Cdiv class=\u0022wp-block-group card card-light h-100 is-vertical is-content-justification-stretch is-layout-flex wp-container-core-group-layout-78 wp-block-group-is-layout-flex\u0022 style=\u0022margin-top:0;margin-bottom:0\u0022\u003E\n\u003Cdiv class=\u0022wp-block-group is-vertical is-layout-flex wp-container-core-group-layout-77 wp-block-group-is-layout-flex\u0022\u003E\n\u003Cfigure class=\u0022wp-block-image size-full is-resized\u0022\u003E\u003Cimg data-image-size=\u0022full\u0022 src=\u0022\/\/static.standard.be\/cdn\/ff\/rdF0JEhY7J2M6s4R3G9glxiAicuvsjCC4PvoiG4xYkU\/1743496776\/public\/2025-04\/handshake.svg\u0022 alt=\u0022\u0022 class=\u0022wp-image-151502\u0022 style=\u0022width:40px\u0022 data-entity-type=\u0022file\u0022 data-entity-uuid=\u00220aa34281-3a3a-44d5-8ea8-1d780b7bbe39\u0022 data-image-style=\u0022original\u0022\/\u003E\u003C\/figure\u003E\n\n\n\n\u003Ch4 class=\u0022wp-block-heading\u0022\u003ENaleving van de Voetbalwet\u003C\/h4\u003E\n\n\n\n\u003Cp\u003EKlik op de knop om de Voetbalwet te raadplegen op de website van de Federale Overheidsdienst Binnenlandse Zaken\u003C\/p\u003E\n\u003C\/div\u003E\n\n\n\n\u003Cdiv class=\u0022wp-block-buttons is-layout-flex wp-block-buttons-is-layout-flex\u0022\u003E\n\u003Cdiv class=\u0022wp-block-button has-custom-width wp-block-button__width-100 is-style-outline\u0022\u003E\u003Ca class=\u0022wp-block-button__link wp-element-button\u0022 href=\u0022https:\/\/www.besafe.be\/nl\/wetgeving-voetbalveiligheid\u0022 target=\u0022_blank\u0022 rel=\u0022noreferrer noopener\u0022\u003ERaadpleeg de Voetbalwet\u003C\/a\u003E\u003C\/div\u003E\n\u003C\/div\u003E\n\u003C\/div\u003E\n\u003C\/div\u003E\n\u003C\/div\u003E\n\u003C\/div\u003E\n\u003C\/div\u003E\n\u003C\/div\u003E\n\n\n\n\u003Cdiv class=\u0022wp-block-group alignfull has-light-background-color has-background is-layout-constrained wp-block-group-is-layout-constrained\u0022 style=\u0022margin-top:0;margin-bottom:0;padding-top:0;padding-right:var(--wp--preset--spacing--40);padding-bottom:0;padding-left:var(--wp--preset--spacing--40)\u0022\u003E\n\u003Cdiv class=\u0022wp-block-group is-layout-constrained wp-block-group-is-layout-constrained\u0022 style=\u0022margin-top:0;margin-bottom:0;padding-top:0;padding-right:0;padding-bottom:0;padding-left:0\u0022\u003E\n\u003Ch2 class=\u0022wp-block-heading\u0022\u003EMobiliteit \u0026amp; Toegang\u003C\/h2\u003E\n\n\n\n\u003Cp\u003ETen eerste,\u0026nbsp;\u003Cstrong\u003E\u003Cu\u003Enieuw\u003C\/u\u003E\u003C\/strong\u003E\u0026nbsp;: met de komst van de tram zullen de pendeldiensten tussen het stadscentrum of het station Li\u00e8ge-Guillemins\u0026nbsp;\u003Cstrong\u003Een\u003C\/strong\u003E\u0026nbsp;ons stadion niet langer met gelede bussen maar met trams worden verzorgd. \u003C\/p\u003E\n\n\n\n\u003Cp\u003E\u003Cstrong\u003ELET OP : de speciale mobiliteitsactie met LETEC wordt verlengd voor het seizoen 2026-2027 : voor een toeslag van 3 euro op de prijs van het wedstrijdticket, krijgt u een heen- en terugreis met tram of bus :\u003Ca href=\u0022https:\/\/standard.be\/nl\/news\/beleef-het-kampioenschap-van-standard-de-liege-met-letec\u0022 data-type=\u0022link\u0022 data-id=\u0022https:\/\/standard.be\/nl\/news\/beleef-het-kampioenschap-van-standard-de-liege-met-letec\u0022 target=\u0022_blank\u0022 rel=\u0022noreferrer noopener\u0022\u003E info hier !\u003C\/a\u003E \u003C\/strong\u003E\u003C\/p\u003E\n\n\n\n\u003Cp\u003EDe aankomsten (voor de wedstrijd) en vertrekken (na de wedstrijd) van deze pendeldiensten met tram gebeuren aan halte Ferrer, rue Ernest Solvay, op enkele honderden meters van het stadion.\u003C\/p\u003E\n\n\n\n\u003Cp\u003E\u003Cstrong\u003ELet op : de politie van Luik en van Seraing heeft beslist alle voertuigen te beboeten die geparkeerd staan in zones of op plaatsen waar parkeren niet toegestaan is\u003C\/strong\u003E\u003C\/p\u003E\n\n\n\n\u003Cp\u003EEr zijn ten slotte werken aan de gang in de omgeving van het stadion. Dit zal mobiliteits- en parkeerproblemen veroorzaken.\u003C\/p\u003E\n\n\n\n\u003Cp\u003EGelieve de aangebrachte signalisatie te respecteren.\u003C\/p\u003E\n\n\n\n\u003Cdiv class=\u0022wp-block-group alignfull has-light-background-color has-background is-layout-constrained wp-block-group-is-layout-constrained\u0022 style=\u0022margin-top:0;margin-bottom:0;padding-top:0;padding-right:var(--wp--preset--spacing--40);padding-bottom:0;padding-left:var(--wp--preset--spacing--40)\u0022\u003E\n\u003Cdiv class=\u0022wp-block-group alignwide is-vertical is-layout-flex wp-container-core-group-layout-82 wp-block-group-is-layout-flex\u0022 style=\u0022margin-top:0;margin-bottom:0;padding-top:0;padding-right:0;padding-bottom:0;padding-left:0\u0022\u003E\n\u003Cdiv class=\u0022wp-block-columns is-layout-flex wp-container-core-columns-layout-4 wp-block-columns-is-layout-flex\u0022 style=\u0022margin-top:0;margin-bottom:0;padding-top:0;padding-right:0;padding-bottom:0;padding-left:0\u0022\u003E\n\u003Cdiv class=\u0022wp-block-column is-layout-flow wp-block-column-is-layout-flow\u0022 style=\u0022padding-top:var(--wp--preset--spacing--60);padding-bottom:var(--wp--preset--spacing--60);flex-basis:100%\u0022\u003E\u003Cdiv class=\u0022accordion\u0022 id=\u0022accordion-e1571bba-0142-4424-9929-21856630bb96\u0022\u003E\n      \n\u003Cdiv class=\u0022accordion-item\u0022\u003E\n  \u003Ch4 class=\u0022accordion-header\u0022\u003E\n    \u003Cbutton\n      class=\u0022accordion-button\u0022\n      type=\u0022button\u0022\n      data-bs-toggle=\u0022collapse\u0022\n      data-bs-target=\u0022#accordion-item-68c16e81-53c2-4361-ae99-d25027a5b41d\u0022\n      aria-expanded=\u0022true\u0022\n      aria-controls=\u0022accordion-item-68c16e81-53c2-4361-ae99-d25027a5b41d\u0022\n    \u003E\n              \u003Cspan class=\u0022accordion-media\u0022\u003E\n                    \n          \u003Cimg class=\u0022accordion-media-image\u0022 src=\u0022\/\/static.standard.be\/cdn\/ff\/tx2qQRCoyjBkAa6BZtOP-vvB74pWCZvhsaIt8vrJTUo\/1743496816\/public\/2025-04\/bus.svg\u0022 alt=\u0022\u0022 \/\u003E\n\n        \u003C\/span\u003E\n            \u003Cspan\u003E\n        Supportersbussen van Standard\n      \u003C\/span\u003E\n    \u003C\/button\u003E\n  \u003C\/h4\u003E\n\n  \u003Cdiv\n    id=\u0022accordion-item-68c16e81-53c2-4361-ae99-d25027a5b41d\u0022\n    class=\u0022accordion-collapse collapse show\u0022\n    data-bs-parent=\u0022#accordion-e1571bba-0142-4424-9929-21856630bb96\u0022\n  \u003E\n    \u003Cdiv class=\u0022accordion-body\u0022\u003E\n          \n\n\u003Cp\u003EParkeerplaats voor supportersbussen van Standard in de zone nabij de nieuwe parking C (achter T3).\u003C\/p\u003E\n\n\n\n\u003Cp\u003EOf ze nu uit Marche, Jemeppe of Luik komen, de autocars moeten het quai la Meuse (N617) bereiken om de rue de la Barge te nemen. Aan het einde van die straat rechtsaf naar de rue Ernest Solvay en volg de instructies van de politie om de parkeerzone te bereiken (\u003Ca href=\u0022https:\/\/standard.be\/sites\/default\/files\/cms\/Stationnement%20cars%20Parking%20bussen%20plan%20%2B%20inst.pdf\u0022 target=\u0022_blank\u0022 rel=\u0022noreferrer noopener\u0022\u003Ezie plan\u003C\/a\u003E).\u003C\/p\u003E\n\n\n      \u003C\/div\u003E\n  \u003C\/div\u003E\n\u003C\/div\u003E\n\n\n\u003Cdiv class=\u0022accordion-item\u0022\u003E\n  \u003Ch4 class=\u0022accordion-header\u0022\u003E\n    \u003Cbutton\n      class=\u0022accordion-button collapsed\u0022\n      type=\u0022button\u0022\n      data-bs-toggle=\u0022collapse\u0022\n      data-bs-target=\u0022#accordion-item-fb7083d5-d5c6-4e10-bf4c-58f0febd37a3\u0022\n      aria-expanded=\u0022false\u0022\n      aria-controls=\u0022accordion-item-fb7083d5-d5c6-4e10-bf4c-58f0febd37a3\u0022\n    \u003E\n              \u003Cspan class=\u0022accordion-media\u0022\u003E\n                    \n          \u003Cimg class=\u0022accordion-media-image\u0022 src=\u0022\/\/static.standard.be\/cdn\/ff\/-RZMTL8WcYBWV6mX_EGnL2Jyiop60yRpjgwo1v7TH2I\/1743496806\/public\/2025-04\/car.svg\u0022 alt=\u0022\u0022 \/\u003E\n\n        \u003C\/span\u003E\n            \u003Cspan\u003E\n        Priv\u00e9voertuigen\n      \u003C\/span\u003E\n    \u003C\/button\u003E\n  \u003C\/h4\u003E\n\n  \u003Cdiv\n    id=\u0022accordion-item-fb7083d5-d5c6-4e10-bf4c-58f0febd37a3\u0022\n    class=\u0022accordion-collapse collapse\u0022\n    data-bs-parent=\u0022#accordion-e1571bba-0142-4424-9929-21856630bb96\u0022\n  \u003E\n    \u003Cdiv class=\u0022accordion-body\u0022\u003E\n          \n\n\u003Cp\u003EBehalve voor houders van een toegangsbewijs voor een parking, moeten supporters die met een priv\u00e9voertuig naar het stadion komen de onmiddellijke omgeving van het stadion absoluut vermijden, die zeer moeilijk toegankelijk zal zijn en waar vrije parkeerplaatsen vrijwel niet bestaan.\u003C\/p\u003E\n\n\n      \u003C\/div\u003E\n  \u003C\/div\u003E\n\u003C\/div\u003E\n\n\n\u003Cdiv class=\u0022accordion-item\u0022\u003E\n  \u003Ch4 class=\u0022accordion-header\u0022\u003E\n    \u003Cbutton\n      class=\u0022accordion-button collapsed\u0022\n      type=\u0022button\u0022\n      data-bs-toggle=\u0022collapse\u0022\n      data-bs-target=\u0022#accordion-item-3b924216-c577-4099-9792-90cf5e0b17c5\u0022\n      aria-expanded=\u0022false\u0022\n      aria-controls=\u0022accordion-item-3b924216-c577-4099-9792-90cf5e0b17c5\u0022\n    \u003E\n              \u003Cspan class=\u0022accordion-media\u0022\u003E\n                    \n          \u003Cimg class=\u0022accordion-media-image\u0022 src=\u0022\/\/static.standard.be\/cdn\/ff\/YrYVQcHpJ1FNpm2rWFU5ew4yHVoSlKStRzWxUuZYB7s\/1743496863\/public\/2025-04\/square-parking.svg\u0022 alt=\u0022\u0022 \/\u003E\n\n        \u003C\/span\u003E\n            \u003Cspan\u003E\n        Toegankelijkheid tot de parkings\n      \u003C\/span\u003E\n    \u003C\/button\u003E\n  \u003C\/h4\u003E\n\n  \u003Cdiv\n    id=\u0022accordion-item-3b924216-c577-4099-9792-90cf5e0b17c5\u0022\n    class=\u0022accordion-collapse collapse\u0022\n    data-bs-parent=\u0022#accordion-e1571bba-0142-4424-9929-21856630bb96\u0022\n  \u003E\n    \u003Cdiv class=\u0022accordion-body\u0022\u003E\n          \n\n\u003Cp\u003EDe recente evoluties van de werken rond het stadion zorgen voor specifieke routes om de verschillende parkings te bereiken.\u003C\/p\u003E\n\n\n\n\u003Cp\u003EVolg nauwgezet de hieronder vermelde routes.\u003C\/p\u003E\n\n\n\n\u003Cp\u003EAangezien deze situatie niet vastligt, kunnen er bij toekomstige wedstrijden andere maatregelen van toepassing zijn. We raden u daarom aan de informatie over mobiliteit op onze website v\u00f3\u00f3r elke wedstrijd te raadplegen.\u003C\/p\u003E\n\n\n      \u003C\/div\u003E\n  \u003C\/div\u003E\n\u003C\/div\u003E\n\n\n\u003Cdiv class=\u0022accordion-item\u0022\u003E\n  \u003Ch4 class=\u0022accordion-header\u0022\u003E\n    \u003Cbutton\n      class=\u0022accordion-button collapsed\u0022\n      type=\u0022button\u0022\n      data-bs-toggle=\u0022collapse\u0022\n      data-bs-target=\u0022#accordion-item-e7e6775e-792c-449e-bf09-748a26ad1a8d\u0022\n      aria-expanded=\u0022false\u0022\n      aria-controls=\u0022accordion-item-e7e6775e-792c-449e-bf09-748a26ad1a8d\u0022\n    \u003E\n              \u003Cspan class=\u0022accordion-media\u0022\u003E\n                    \n          \u003Cimg class=\u0022accordion-media-image\u0022 src=\u0022\/\/static.standard.be\/cdn\/ff\/YrYVQcHpJ1FNpm2rWFU5ew4yHVoSlKStRzWxUuZYB7s\/1743496863\/public\/2025-04\/square-parking.svg\u0022 alt=\u0022\u0022 \/\u003E\n\n        \u003C\/span\u003E\n            \u003Cspan\u003E\n        Toegang tot parkings A, E, F, I, P en Z\n      \u003C\/span\u003E\n    \u003C\/button\u003E\n  \u003C\/h4\u003E\n\n  \u003Cdiv\n    id=\u0022accordion-item-e7e6775e-792c-449e-bf09-748a26ad1a8d\u0022\n    class=\u0022accordion-collapse collapse\u0022\n    data-bs-parent=\u0022#accordion-e1571bba-0142-4424-9929-21856630bb96\u0022\n  \u003E\n    \u003Cdiv class=\u0022accordion-body\u0022\u003E\n          \n\n\u003Cp\u003EDe rue de la Centrale is alleen toegankelijk vanuit quai Vercour en uitsluitend voor houders van een toegangsbewijs voor een van de parkings met toegang via deze straat.\u003C\/p\u003E\n\n\n      \u003C\/div\u003E\n  \u003C\/div\u003E\n\u003C\/div\u003E\n\n\n\u003Cdiv class=\u0022accordion-item\u0022\u003E\n  \u003Ch4 class=\u0022accordion-header\u0022\u003E\n    \u003Cbutton\n      class=\u0022accordion-button collapsed\u0022\n      type=\u0022button\u0022\n      data-bs-toggle=\u0022collapse\u0022\n      data-bs-target=\u0022#accordion-item-78bfca73-b736-4738-97ba-48596512fef3\u0022\n      aria-expanded=\u0022false\u0022\n      aria-controls=\u0022accordion-item-78bfca73-b736-4738-97ba-48596512fef3\u0022\n    \u003E\n              \u003Cspan class=\u0022accordion-media\u0022\u003E\n                    \n          \u003Cimg class=\u0022accordion-media-image\u0022 src=\u0022\/\/static.standard.be\/cdn\/ff\/YrYVQcHpJ1FNpm2rWFU5ew4yHVoSlKStRzWxUuZYB7s\/1743496863\/public\/2025-04\/square-parking.svg\u0022 alt=\u0022\u0022 \/\u003E\n\n        \u003C\/span\u003E\n            \u003Cspan\u003E\n        Toegang tot parkings B, J, Encore en Distrimosan\n      \u003C\/span\u003E\n    \u003C\/button\u003E\n  \u003C\/h4\u003E\n\n  \u003Cdiv\n    id=\u0022accordion-item-78bfca73-b736-4738-97ba-48596512fef3\u0022\n    class=\u0022accordion-collapse collapse\u0022\n    data-bs-parent=\u0022#accordion-e1571bba-0142-4424-9929-21856630bb96\u0022\n  \u003E\n    \u003Cdiv class=\u0022accordion-body\u0022\u003E\n          \n\n\u003Cp\u003EDe toegang tot deze parkings is opnieuw mogelijk via de klassieke routes.\u003C\/p\u003E\n\n\n\n\u003Cp\u003EKomend uit Seraing : neem de kades aan de linkeroever van de Maas (N617). Quai Vercour, sla linksaf net nadat u onder de brug van Ougr\u00e9e bent gereden.\u003C\/p\u003E\n\n\n\n\u003Cp\u003EKomend uit Luik : neem de kades aan de linkeroever van de Maas (N617). Quai Vercour, sla rechtsaf bij het rode licht, net voordat u onder de brug van Ougr\u00e9e doorrijdt.\u003C\/p\u003E\n\n\n\n\u003Cp\u003EKomend uit Marche (N63) : steek de brug van Ougr\u00e9e over en blijf rechtdoor rijden.\u003C\/p\u003E\n\n\n      \u003C\/div\u003E\n  \u003C\/div\u003E\n\u003C\/div\u003E\n\n\n\u003Cdiv class=\u0022accordion-item\u0022\u003E\n  \u003Ch4 class=\u0022accordion-header\u0022\u003E\n    \u003Cbutton\n      class=\u0022accordion-button collapsed\u0022\n      type=\u0022button\u0022\n      data-bs-toggle=\u0022collapse\u0022\n      data-bs-target=\u0022#accordion-item-c64ed0b3-491d-4501-be02-3edb76bca5a7\u0022\n      aria-expanded=\u0022false\u0022\n      aria-controls=\u0022accordion-item-c64ed0b3-491d-4501-be02-3edb76bca5a7\u0022\n    \u003E\n              \u003Cspan class=\u0022accordion-media\u0022\u003E\n                    \n          \u003Cimg class=\u0022accordion-media-image\u0022 src=\u0022\/\/static.standard.be\/cdn\/ff\/YrYVQcHpJ1FNpm2rWFU5ew4yHVoSlKStRzWxUuZYB7s\/1743496863\/public\/2025-04\/square-parking.svg\u0022 alt=\u0022\u0022 \/\u003E\n\n        \u003C\/span\u003E\n            \u003Cspan\u003E\n        Toegang tot parking C \n      \u003C\/span\u003E\n    \u003C\/button\u003E\n  \u003C\/h4\u003E\n\n  \u003Cdiv\n    id=\u0022accordion-item-c64ed0b3-491d-4501-be02-3edb76bca5a7\u0022\n    class=\u0022accordion-collapse collapse\u0022\n    data-bs-parent=\u0022#accordion-e1571bba-0142-4424-9929-21856630bb96\u0022\n  \u003E\n    \u003Cdiv class=\u0022accordion-body\u0022\u003E\n          \n\n\u003Cp class=\u0022has-dark-color has-text-color has-link-color\u0022\u003ENeem verplicht de kades van de linkeroever van de Maas (N617)\u003C\/p\u003E\n\n\n\n\u003Cp\u003ENeem de rue de la Barge, 500 meter voor het stadion linksaf als u uit Jemeppe komt, of 500 meter na het stadion rechtsaf als u uit Luik komt.\u003C\/p\u003E\n\n\n\n\u003Cp\u003EAan het einde van de rue de la Barge rechtsaf naar de rue Ernest Solvay.\u003C\/p\u003E\n\n\n\n\u003Cp\u003ENeem de eerste links, rue Verte Voie.\u003C\/p\u003E\n\n\n\n\u003Cp\u003EToegang tot de parking via de rue Ad\u00e9la\u00efde Coud\u00e8re aan uw rechterkant. \u003C\/p\u003E\n\n\n\n\u003Cp\u003E(\u003Ca href=\u0022https:\/\/eur03.safelinks.protection.outlook.com\/?url=https%3A%2F%2Fstandard.be%2Fsites%2Fdefault%2Ffiles%2Fcms%2FAcc%25C3%25A8s%2520parking%2520C%252025-11-23.pdf\u0026amp;data=05%7C02%7Colismeets%40standard.be%7Cdcf4a932dc174393cdac08ddce888e0c%7C500d9e9d07a34874be18ce9c7da4659c%7C0%7C0%7C638893808104781745%7CUnknown%7CTWFpbGZsb3d8eyJFbXB0eU1hcGkiOnRydWUsIlYiOiIwLjAuMDAwMCIsIlAiOiJXaW4zMiIsIkFOIjoiTWFpbCIsIldUIjoyfQ%3D%3D%7C0%7C%7C%7C\u0026amp;sdata=pOPcL6%2F0tjw1NdlCYH1nx4VsUVPMNAXMB1it2yTeJ%2FY%3D\u0026amp;reserved=0\u0022 target=\u0022_blank\u0022 rel=\u0022noreferrer noopener\u0022\u003Ezie plan\u003C\/a\u003E)\u003C\/p\u003E\n\n\n      \u003C\/div\u003E\n  \u003C\/div\u003E\n\u003C\/div\u003E\n\n\n  \u003C\/div\u003E\n\u003C\/div\u003E\n\u003C\/div\u003E\n\u003C\/div\u003E\n\u003C\/div\u003E\n\u003C\/div\u003E\n\u003C\/div\u003E\n","summary":"\n\n\n","image":"\/\/static.standard.be\/cdn\/ff\/VzZOu6R8f2SCmd3Vezw8jHts5ZzeMMWAw3IbmGMINbA\/1787215296\/public\/styles\/max_1200\/public\/2026-08\/Standard-RAAL-1920x1080_1.jpg.webp?itok=AR2WKaWh","banner_image":"\/\/static.standard.be\/cdn\/ff\/VzZOu6R8f2SCmd3Vezw8jHts5ZzeMMWAw3IbmGMINbA\/1787215296\/public\/styles\/max_1200\/public\/2026-08\/Standard-RAAL-1920x1080_1.jpg.webp?itok=AR2WKaWh","date_published":"2026-08-21T09:30:00+02:00\n","date_modified":"2026-08-21T23:52:00+02:00\n","tags":["Supportersinfo"]},{"id":"8fdf441e-b7d4-4ee1-9a2e-4ed775cb4660","url":"https:\/\/standard.be\/nl\/news\/beleef-het-kampioenschap-van-standard-de-liege-met-letec","external_url":"https:\/\/standard.be\/nl\/news\/beleef-het-kampioenschap-van-standard-de-liege-met-letec?webview=","title":"Beleef het kampioenschap van Standard de Li\u00e8ge met LETEC!","content_html":"\n\u003Cdiv class=\u0022wp-block-group alignfull has-light-background-color has-background is-layout-constrained wp-block-group-is-layout-constrained\u0022 style=\u0022margin-top:0;margin-bottom:0;padding-top:var(--wp--preset--spacing--80);padding-right:var(--wp--preset--spacing--40);padding-bottom:var(--wp--preset--spacing--80);padding-left:var(--wp--preset--spacing--40)\u0022\u003E\n\u003Cdiv class=\u0022wp-block-group is-layout-constrained wp-block-group-is-layout-constrained\u0022 style=\u0022margin-top:0;margin-bottom:0;padding-top:0;padding-right:0;padding-bottom:0;padding-left:0\u0022\u003E\n\u003Cp\u003ETer herinnering, \u003Ca href=\u0022https:\/\/standard.be\/nl\/news\/standard-de-liege-versterkt-zijn-inzet-voor-duurzamere-mobiliteit\u0022 data-type=\u0022link\u0022 data-id=\u0022https:\/\/standard.be\/nl\/news\/standard-de-liege-versterkt-zijn-inzet-voor-duurzamere-mobiliteit\u0022 target=\u0022_blank\u0022 rel=\u0022noreferrer noopener\u0022\u003EStandard de Li\u00e8ge versterkt zijn inzet voor duurzamere mobiliteit.\u003C\/a\u003E\u003C\/p\u003E\n\n\n\n\u003Cp\u003EIn dat kader en in het verlengde van de Europe Playoffs van vorig seizoen wordt het partnerschap tussen onze club en LETEC voor seizoen 2026-2027 vernieuwd.\u003C\/p\u003E\n\n\n\n\u003Cp\u003EAbonnementhouders voor seizoen 2026-2027 of houders van een wedstrijdticket kunnen opnieuw genieten van een heen- en terugreis met tram of bus tegen een toeslag van \u20ac 3.\u003C\/p\u003E\n\n\n\n\u003Cdiv style=\u0022height:15px\u0022 aria-hidden=\u0022true\u0022 class=\u0022wp-block-spacer\u0022\u003E\u003C\/div\u003E\n\n\n\n\u003Cp\u003E\u003Cstrong\u003EHoe werkt het ?\u003C\/strong\u003E\u003C\/p\u003E\n\n\n\n\u003Cp\u003ENa aankoop van uw abonnement of van uw ticket voor een van onze wedstrijden krijgt u via ons online ticketplatform, v\u00f3\u00f3r elke wedstrijd, de mogelijkheid om een promotiecode te verkrijgen waarmee u uw heen- en terugreis kunt downloaden via de TEC+-app, voor de prijs van \u20ac 3. \u003Cstrong\u003ELet op : het vervoersbewijs dat aan uw promotiecode gekoppeld is, kan enkel aan de datum van de wedstrijd gekoppeld worden.\u003C\/strong\u003E\u003C\/p\u003E\n\n\n\n\u003Cp class=\u0022has-secondary-color has-text-color has-link-color\u0022\u003E\u003Cstrong\u003EVoor het evenement :\u003C\/strong\u003E\u003C\/p\u003E\n\n\n\n\u003Cp\u003E1.\u0026nbsp;\u0026nbsp;\u0026nbsp;\u0026nbsp;\u0026nbsp;\u0026nbsp;\u0026nbsp;\u0026nbsp; Download de TEC+-app op uw \u003Ca href=\u0022https:\/\/play.google.com\/store\/search?q=TEC%2B\u0026amp;c=apps\u0026amp;hl=fr\u0022 data-type=\u0022link\u0022 data-id=\u0022https:\/\/play.google.com\/store\/search?q=TEC%2B\u0026amp;c=apps\u0026amp;hl=fr\u0022 target=\u0022_blank\u0022 rel=\u0022noreferrer noopener\u0022\u003EGoogle Play Store\u003C\/a\u003E \/ \u003Ca href=\u0022https:\/\/apps.apple.com\/be\/app\/tec\/id6468770989?l=fr-FR\u0022 data-type=\u0022link\u0022 data-id=\u0022https:\/\/apps.apple.com\/be\/app\/tec\/id6468770989?l=fr-FR\u0022 target=\u0022_blank\u0022 rel=\u0022noreferrer noopener\u0022\u003EApple Store\u003C\/a\u003E\/ \u003Ca href=\u0022https:\/\/appgallery.huawei.com\/app\/C109334477\u0022 data-type=\u0022link\u0022 data-id=\u0022https:\/\/appgallery.huawei.com\/app\/C109334477\u0022 target=\u0022_blank\u0022 rel=\u0022noreferrer noopener\u0022\u003EHuawei AppGallery\u003C\/a\u003E (deze app is verschillend van de gebruikelijke LETEC-app) ;\u003C\/p\u003E\n\n\n\n\u003Cp\u003E2.\u0026nbsp;\u0026nbsp;\u0026nbsp;\u0026nbsp;\u0026nbsp;\u0026nbsp;\u0026nbsp;\u0026nbsp; Open de app en log in met uw Google\/Android- of Apple-account ;\u003C\/p\u003E\n\n\n\n\u003Cp\u003E3.\u0026nbsp;\u0026nbsp;\u0026nbsp;\u0026nbsp;\u0026nbsp;\u0026nbsp;\u0026nbsp;\u0026nbsp; Voer uw promotiecode in en druk op \u003Cstrong\u003E\u201cValideren\u201d.\u003C\/strong\u003E Het bericht \u003Cstrong\u003E\u0022Vervoersbewijs succesvol toegevoegd\u0022\u003C\/strong\u003E verschijnt.\u003C\/p\u003E\n\n\n\n\u003Cdiv style=\u0022height:15px\u0022 aria-hidden=\u0022true\u0022 class=\u0022wp-block-spacer\u0022\u003E\u003C\/div\u003E\n\n\n\n\u003Cfigure class=\u0022wp-block-image aligncenter size-full\u0022\u003E\u003Cimg data-image-size=\u0022full\u0022 src=\u0022\/\/static.standard.be\/cdn\/ff\/PTtA4qLQR_lj3H2jO4AH5dkyxmysFRWmKqiE4qXHoso\/1785849136\/public\/2026-08\/TEC%201.png\u0022 alt=\u0022\u0022 class=\u0022wp-image-152851\u0022 data-entity-type=\u0022file\u0022 data-entity-uuid=\u0022e3fd08c4-9b13-4a35-9239-4e4ac98ae3d2\u0022 data-image-style=\u0022original\u0022\/\u003E\u003C\/figure\u003E\n\n\n\n\u003Cdiv style=\u0022height:15px\u0022 aria-hidden=\u0022true\u0022 class=\u0022wp-block-spacer\u0022\u003E\u003C\/div\u003E\n\n\n\n\u003Cp class=\u0022has-secondary-color has-text-color has-link-color\u0022\u003E\u003Cstrong\u003EOp de dag van het evenement : \u003C\/strong\u003E\u003C\/p\u003E\n\n\n\n\u003Cp\u003E1.\u0026nbsp;\u0026nbsp;\u0026nbsp;\u0026nbsp;\u0026nbsp;\u0026nbsp;\u0026nbsp;\u0026nbsp; Open uw TEC+-app en ga naar \u003Cstrong\u003E\u0022Mijn tickets\u0022\u003C\/strong\u003E ;\u003C\/p\u003E\n\n\n\n\u003Cp\u003E2.\u0026nbsp;\u0026nbsp;\u0026nbsp;\u0026nbsp;\u0026nbsp;\u0026nbsp;\u0026nbsp;\u0026nbsp; Selecteer uw vervoersbewijs en druk op de knop \u003Cstrong\u003E\u0022Activeer mijn ticket\u0022\u003C\/strong\u003E ;\u003C\/p\u003E\n\n\n\n\u003Cp\u003E3.\u0026nbsp;\u0026nbsp;\u0026nbsp;\u0026nbsp;\u0026nbsp;\u0026nbsp;\u0026nbsp;\u0026nbsp; \u003Cstrong\u003EValideer uw vervoersbewijs door aan boord van de bus te stappen.\u003C\/strong\u003E\u003C\/p\u003E\n\n\n\n\u003Cdiv style=\u0022height:15px\u0022 aria-hidden=\u0022true\u0022 class=\u0022wp-block-spacer\u0022\u003E\u003C\/div\u003E\n\n\n\n\u003Cfigure class=\u0022wp-block-image aligncenter size-full\u0022\u003E\u003Cimg data-image-size=\u0022full\u0022 src=\u0022\/\/static.standard.be\/cdn\/ff\/Vh5QyDROG84jnycD70vPhKA7nMxMeFyMHyW3tulovZg\/1785849197\/public\/2026-08\/TEC%2021774264777.jpg\u0022 alt=\u0022\u0022 class=\u0022wp-image-152852\u0022 data-entity-type=\u0022file\u0022 data-entity-uuid=\u002257e5ef2b-8c15-4ddb-9389-4f10d4622c03\u0022 data-image-style=\u0022original\u0022\/\u003E\u003C\/figure\u003E\n\n\n\n\u003Cdiv style=\u0022height:15px\u0022 aria-hidden=\u0022true\u0022 class=\u0022wp-block-spacer\u0022\u003E\u003C\/div\u003E\n\n\n\n\u003Cp\u003E\u003Cstrong\u003EProblemen met het gebruik van TEC+ ?\u003C\/strong\u003E\u003C\/p\u003E\n\n\n\n\u003Cp\u003EAls u een probleem ondervindt met uw code of de TEC+-app, laat het ons dan weten \u003Ca href=\u0022https:\/\/www.letec.be\/View\/Signaler_un_probleme\/105\u0022 data-type=\u0022link\u0022 data-id=\u0022https:\/\/www.letec.be\/View\/Signaler_un_probleme\/105\u0022 target=\u0022_blank\u0022 rel=\u0022noreferrer noopener\u0022\u003Evia ons formulier \u0022Probleem melden\u0022.\u003C\/a\u003E\u003C\/p\u003E\n\n\n\n\u003Cp\u003E\u003Cstrong\u003ELet op : het vervoersbewijs dat aan uw promotiecode gekoppeld is, kan enkel aan de datum van de wedstrijd gekoppeld worden.\u003C\/strong\u003E\u003C\/p\u003E\n\u003C\/div\u003E\n\u003C\/div\u003E\n","summary":"\n\n\nTer herinnering, ","image":"\/\/static.standard.be\/cdn\/ff\/MprdAaE2_GoNHusdDvuQK-9fXbhG1ghaYofUvvtccQc\/1785851208\/public\/styles\/max_1200\/public\/2026-08\/Com%20TEC.jpg.webp?itok=wBBwVwSO","banner_image":"\/\/static.standard.be\/cdn\/ff\/MprdAaE2_GoNHusdDvuQK-9fXbhG1ghaYofUvvtccQc\/1785851208\/public\/styles\/max_1200\/public\/2026-08\/Com%20TEC.jpg.webp?itok=wBBwVwSO","date_published":"2026-08-21T09:00:00+02:00\n","date_modified":"2026-08-21T09:49:24+02:00\n","tags":["CSR"]},{"id":"454e5112-b7b0-4ce2-b441-efdf5948680c","url":"https:\/\/standard.be\/nl\/news\/verdeling-van-de-parkings-voor-standard-de-liege-raal-la-louviere","external_url":"https:\/\/standard.be\/nl\/news\/verdeling-van-de-parkings-voor-standard-de-liege-raal-la-louviere?webview=","title":"Verdeling van de parkings voor Standard de Li\u00e8ge - RAAL La Louvi\u00e8re","content_html":"\n\u003Cdiv class=\u0022wp-block-group alignfull has-light-background-color has-background is-layout-constrained wp-block-group-is-layout-constrained\u0022 style=\u0022margin-top:0;margin-bottom:0;padding-top:var(--wp--preset--spacing--80);padding-right:var(--wp--preset--spacing--40);padding-bottom:var(--wp--preset--spacing--80);padding-left:var(--wp--preset--spacing--40)\u0022\u003E\n\u003Cdiv class=\u0022wp-block-group is-layout-constrained wp-block-group-is-layout-constrained\u0022 style=\u0022margin-top:0;margin-bottom:0;padding-top:0;padding-right:0;padding-bottom:0;padding-left:0\u0022\u003E\n\u003Cp\u003EVoor de wedstrijd Standard de Li\u00e8ge - RAAL La Louvi\u00e8re van vrijdag 21 augustus om 20u45, legt de Federale Politie een scheiding van parkings op voor de supportersbussen.\u003C\/p\u003E\n\n\n\n\u003Cp\u003EDit geldt voor supportersclubs die naar Luik reizen via deze route.\u003C\/p\u003E\n\n\n\n\u003Cdiv style=\u0022height:30px\u0022 aria-hidden=\u0022true\u0022 class=\u0022wp-block-spacer\u0022\u003E\u003C\/div\u003E\n\n\n\n\u003Cp\u003E\u003Cstrong\u003EVerdeling van de parkings\u00a0:\u003C\/strong\u003E\u003C\/p\u003E\n\n\n\n\u003Cdiv style=\u0022height:20px\u0022 aria-hidden=\u0022true\u0022 class=\u0022wp-block-spacer\u0022\u003E\u003C\/div\u003E\n\n\n\n\u003Cp\u003EParkings E42 voor de wedstrijd (gebruikelijke verdeling)\u0026nbsp;:\u003C\/p\u003E\n\n\n\n\u003Cp class=\u0022has-primary-color has-text-color has-link-color\u0022\u003E1.\u0026nbsp;\u0026nbsp;\u0026nbsp;\u0026nbsp;\u0026nbsp;\u0026nbsp;\u0026nbsp;\u0026nbsp; Spy : supporters van Standard\u003C\/p\u003E\n\n\n\n\u003Cp\u003E2.\u0026nbsp;\u0026nbsp;\u0026nbsp;\u0026nbsp;\u0026nbsp;\u0026nbsp;\u0026nbsp;\u0026nbsp; Aire de Fernelmont : supporters van RAAL La Louvi\u00e8re\u003C\/p\u003E\n\n\n\n\u003Cp\u003E3.\u0026nbsp;\u0026nbsp;\u0026nbsp;\u0026nbsp;\u0026nbsp;\u0026nbsp;\u0026nbsp;\u0026nbsp; Huy Couthuin (Aire du Fr\u00e9nia) :\u0026nbsp; \/\/\u003C\/p\u003E\n\n\n\n\u003Cp class=\u0022has-primary-color has-text-color has-link-color\u0022\u003E4.\u00a0\u00a0\u00a0\u00a0\u00a0\u00a0\u00a0\u00a0 Verlaine : supporters van Standard\u003C\/p\u003E\n\n\n\n\u003Cdiv style=\u0022height:20px\u0022 aria-hidden=\u0022true\u0022 class=\u0022wp-block-spacer\u0022\u003E\u003C\/div\u003E\n\n\n\n\u003Cp\u003EParkings E42 na de wedstrijd (gebruikelijke verdeling)\u0026nbsp;:\u003C\/p\u003E\n\n\n\n\u003Cp class=\u0022has-primary-color has-text-color has-link-color\u0022\u003E1.\u0026nbsp;\u0026nbsp;\u0026nbsp;\u0026nbsp;\u0026nbsp;\u0026nbsp;\u0026nbsp;\u0026nbsp; Spy : supporters van Standard\u003C\/p\u003E\n\n\n\n\u003Cp\u003E2.\u0026nbsp;\u0026nbsp;\u0026nbsp;\u0026nbsp;\u0026nbsp;\u0026nbsp;\u0026nbsp;\u0026nbsp; Aire de Fernelmont :\u0026nbsp; \/\/\u003C\/p\u003E\n\n\n\n\u003Cp\u003E3.\u0026nbsp;\u0026nbsp;\u0026nbsp;\u0026nbsp;\u0026nbsp;\u0026nbsp;\u0026nbsp;\u0026nbsp; Huy Couthuin (Aire du Fr\u00e9nia) : supporters van RAAL La Louvi\u00e8re\u003C\/p\u003E\n\n\n\n\u003Cp class=\u0022has-primary-color has-text-color has-link-color\u0022\u003E4.\u00a0\u00a0\u00a0\u00a0\u00a0\u00a0\u00a0\u00a0 Verlaine : supporters van Standard\u003C\/p\u003E\n\n\n\n\u003Cdiv style=\u0022height:30px\u0022 aria-hidden=\u0022true\u0022 class=\u0022wp-block-spacer\u0022\u003E\u003C\/div\u003E\n\n\n\n\u003Cp\u003EDe combiregeling zal worden opgelegd door de bestuurlijke overheid van Luik voor de supporters van RAAL La Louvi\u00e8re.\u003C\/p\u003E\n\u003C\/div\u003E\n\u003C\/div\u003E\n","summary":"\n\n\nVoor de wedstrijd Standard de Li\u00e8ge - RAAL La Louvi\u00e8re","image":"\/\/static.standard.be\/cdn\/ff\/EJYjSHCrF0JCS_fsZz86dNXGNuTQB2RW01PLvvxzicY\/1787226077\/public\/styles\/max_1200\/public\/2026-08\/E42.jpg.webp?itok=l3qPXkUH","banner_image":"\/\/static.standard.be\/cdn\/ff\/EJYjSHCrF0JCS_fsZz86dNXGNuTQB2RW01PLvvxzicY\/1787226077\/public\/styles\/max_1200\/public\/2026-08\/E42.jpg.webp?itok=l3qPXkUH","date_published":"2026-08-20T13:40:00+02:00\n","date_modified":"2026-08-20T13:38:23+02:00\n","tags":["Supportersinfo"]},{"id":"fe110537-a7e9-4247-8e13-f862cce47b31","url":"https:\/\/standard.be\/nl\/news\/gezamenlijk-persbericht-van-standard-de-liege-en-de-famille-des-rouches","external_url":"https:\/\/standard.be\/nl\/news\/gezamenlijk-persbericht-van-standard-de-liege-en-de-famille-des-rouches?webview=","title":"Gezamenlijk persbericht van Standard de Li\u00e8ge en de Famille des Rouches","content_html":"\n\u003Cdiv class=\u0022wp-block-group alignfull has-light-background-color has-background is-layout-constrained wp-block-group-is-layout-constrained\u0022 style=\u0022margin-top:0;margin-bottom:0;padding-top:var(--wp--preset--spacing--80);padding-right:var(--wp--preset--spacing--40);padding-bottom:var(--wp--preset--spacing--80);padding-left:var(--wp--preset--spacing--40)\u0022\u003E\n\u003Cdiv class=\u0022wp-block-group is-layout-constrained wp-block-group-is-layout-constrained\u0022 style=\u0022margin-top:0;margin-bottom:0;padding-top:0;padding-right:0;padding-bottom:0;padding-left:0\u0022\u003E\n\u003Cp\u003EDe vertegenwoordigers van de Famille des Rouches en van de 3 animatiegroepen waren door de clubleiding uitgenodigd voor een overleg naar aanleiding van de beslissing van de tuchtcommissie van 14 augustus 2026.\u003C\/p\u003E\n\n\n\n\u003Cp\u003EDe Famille des Rouches, in nauwe samenwerking met Standard de Li\u00e8ge, wil een duidelijke en verantwoordelijke boodschap richten aan al onze supporters.\u003C\/p\u003E\n\n\n\n\u003Cp\u003EDe beslissing van het tuchtorgaan van de RBFA, genomen naar aanleiding van de incidenten van 23 mei jongstleden, herinnert ons eraan dat de gevolgen van bepaald gedrag zwaar, zelfs rampzalig voor onze club kunnen zijn. Buiten de effectieve sancties merken we op dat ons 2 wedstrijden volledig achter gesloten deuren met uitstel zijn opgelegd en dat de proeftijd pas zal eindigen op 13 augustus 2027. Wij vragen daarom aan elke supporter die bij de wedstrijden aanwezig is om de potenti\u00eble impact van zijn of haar daden volledig te beseffen.\u003C\/p\u003E\n\n\n\n\u003Cp\u003EOnze passie is immens, onze inzet onvoorwaardelijk, maar het is essentieel dat iedereen bijdraagt aan het behoud van het imago van Standard de Li\u00e8ge. Laten we samen verantwoordelijkheid, respect en solidariteit tonen om onze club te beschermen en Sclessin te blijven doen daveren zoals het verdient.\u003C\/p\u003E\n\n\n\n\u003Cp\u003EDank u allen voor uw begrip en uw steun.\u003C\/p\u003E\n\n\n\n\u003Cp\u003EAlain Renard (Voorzitter van de Famille des Rouches) \u0026amp; Pierre Fran\u00e7ois (General Manager van Standard de Li\u00e8ge). \u003C\/p\u003E\n\u003C\/div\u003E\n\u003C\/div\u003E\n","summary":"\n\n\nDe vertegenwoordigers van de Famille des Rouches en va","image":"\/\/static.standard.be\/cdn\/ff\/ZsaLo7M_HZwUp_o13mknke-W-OT7i7PzbT6XWtO-QfM\/1787219943\/public\/styles\/max_1200\/public\/2026-08\/neutre-2025-2026-STD-FDR.jpg.webp?itok=xWKQuT-u","banner_image":"\/\/static.standard.be\/cdn\/ff\/ZsaLo7M_HZwUp_o13mknke-W-OT7i7PzbT6XWtO-QfM\/1787219943\/public\/styles\/max_1200\/public\/2026-08\/neutre-2025-2026-STD-FDR.jpg.webp?itok=xWKQuT-u","date_published":"2026-08-20T12:00:00+02:00\n","date_modified":"2026-08-20T11:58:02+02:00\n","tags":["Offici\u00eble Persberichten"]},{"id":"a6987834-4063-4ca6-af7e-6a3cb549b077","url":"https:\/\/standard.be\/nl\/news\/prix-ardent-en-standard-engage-samen-verder","external_url":"https:\/\/standard.be\/nl\/news\/prix-ardent-en-standard-engage-samen-verder?webview=","title":"Prix Ardent en Standard Engag\u00e9 : samen, verder","content_html":"\n\u003Cdiv class=\u0022wp-block-group alignfull has-light-background-color has-background is-layout-constrained wp-block-group-is-layout-constrained\u0022 style=\u0022margin-top:0;margin-bottom:0;padding-top:var(--wp--preset--spacing--80);padding-right:var(--wp--preset--spacing--40);padding-bottom:var(--wp--preset--spacing--80);padding-left:var(--wp--preset--spacing--40)\u0022\u003E\n\u003Cdiv class=\u0022wp-block-group is-layout-constrained wp-block-group-is-layout-constrained\u0022 style=\u0022margin-top:0;margin-bottom:0;padding-top:0;padding-right:0;padding-bottom:0;padding-left:0\u0022\u003E\n\u003Cp\u003E\u003Cstrong\u003EStandard de Li\u00e8ge en Prix Ardent geven het startschot voor een nieuw actieprogramma, opgebouwd rond een gedeelde overtuiging: sport kan een impact hebben ver buiten het veld.\u003C\/strong\u003E\u003C\/p\u003E\n\n\n\n\u003Cp\u003ENa bijna tien jaar maatschappelijk engagement ten voordele van kwetsbare doelgroepen beginnen de Prix Ardent vandaag een nieuwe fase in hun geschiedenis.\u003C\/p\u003E\n\n\n\n\u003Cp\u003EDe naam blijft, het engagement ook, maar het project evolueert en plaatst voortaan de \u003Cstrong\u003Esport centraal in de solidaire actie\u003C\/strong\u003E.\u003C\/p\u003E\n\n\n\n\u003Cp\u003EDe nieuwe handtekening vat deze ambitie samen : \u003Cstrong\u003E\u00ab Samen. Verder. \u00bb\u003C\/strong\u003E\u003C\/p\u003E\n\n\n\n\u003Cdiv style=\u0022height:15px\u0022 aria-hidden=\u0022true\u0022 class=\u0022wp-block-spacer\u0022\u003E\u003C\/div\u003E\n\n\n\n\u003Cp\u003E\u003Cstrong\u003ESport als motor van betrokkenheid.\u003C\/strong\u003E\u003C\/p\u003E\n\n\n\n\u003Cp\u003EOnder impuls van Ardent Group willen de nieuwe generatie Prix Ardent de sportwereld, het verenigingsleven en het bedrijfsleven dichter bij elkaar brengen rond concrete projecten.\u003C\/p\u003E\n\n\n\n\u003Cp\u003EHet principe is simpel: steunen op de mobiliserende kracht van clubs en atleten om ontmoetingen te cre\u00ebren, nieuwe perspectieven te openen en bewustzijn te cre\u00ebren voor realiteiten die verder gaan dan louter sportieve prestaties.\u003C\/p\u003E\n\n\n\n\u003Cp\u003EBetrokkenheid, solidariteit en het zichzelf overstijgen vormen het fundament van deze aanpak.\u003C\/p\u003E\n\n\n\n\u003Cp\u003EElke actie wordt uitgewerkt met de betrokken partners, rekening houdend met hun realiteit, hun teams en de doelen waaraan zij willen bijdragen. Het gaat dus niet om het toepassen van een gestandaardiseerd programma, maar om het cocre\u00ebren van betekenisvolle ervaringen, met de sporters zelf als drijvende krachten achter die betrokkenheid.\u003C\/p\u003E\n\n\n\n\u003Cp\u003EIn deze nieuwe dynamiek plannen de Prix Ardent ook verschillende middelen toe te wijzen aan sociale en sportieve initiatieven die samen met hun partners worden ontwikkeld.\u003C\/p\u003E\n\n\n\n\u003Cdiv style=\u0022height:15px\u0022 aria-hidden=\u0022true\u0022 class=\u0022wp-block-spacer\u0022\u003E\u003C\/div\u003E\n\n\n\n\u003Cp\u003E\u003Cstrong\u003EEen partnerschap met Standard de Li\u00e8ge en Standard Engag\u00e9.\u003C\/strong\u003E\u003C\/p\u003E\n\n\n\n\u003Cp\u003EIn die geest gaan de Prix Ardent een samenwerking aan met Standard de Li\u00e8ge, via \u003Cstrong\u003EStandard Engag\u00e9\u003C\/strong\u003E, om het hele seizoen door een reeks acties te ontwikkelen met de verschillende teams van de club.\u003C\/p\u003E\n\n\n\n\u003Cp\u003EOp het programma : ontmoetingen met topsporters, bewustmaking rond handicap en aangepast sporten, het zichzelf overstijgen en ook deelname aan initiatieven met een sociale inslag.\u003C\/p\u003E\n\n\n\n\u003Cp\u003EDeze ervaringen zijn erop gericht spelers en speelsters in staat te stellen andere realiteiten te ontdekken, inspirerende trajecten te ontmoeten en de waarden van de sport in te zetten voor een collectieve betrokkenheid.\u003C\/p\u003E\n\n\n\n\u003Cp\u003EOmdat de prestatie niet stopt bij het laatste fluitsignaal.\u003Cbr\u003EOmdat sport ontmoetingen kan cre\u00ebren, perspectieven kan veranderen en mensen in beweging kan brengen.\u003C\/p\u003E\n\n\n\n\u003Cp\u003E\u003Cstrong\u003EPrix Ardent \u0026amp; Standard Engag\u00e9.\u003Cbr\u003ESamen. Verder.\u003C\/strong\u003E\u003C\/p\u003E\n\u003C\/div\u003E\n\u003C\/div\u003E\n","summary":"\n\n\nStandard de Li\u00e8ge en Prix Ardent geven het sta","image":"\/\/static.standard.be\/cdn\/ff\/dUGX3sf6Q2sp6bTt5HyYi1Tk4qy53A-Q_m1id4BaGM0\/1787130621\/public\/styles\/max_1200\/public\/2026-08\/Standard-PrixArdent-1920x1080.jpg.webp?itok=M1ox8X7_","banner_image":"\/\/static.standard.be\/cdn\/ff\/dUGX3sf6Q2sp6bTt5HyYi1Tk4qy53A-Q_m1id4BaGM0\/1787130621\/public\/styles\/max_1200\/public\/2026-08\/Standard-PrixArdent-1920x1080.jpg.webp?itok=M1ox8X7_","date_published":"2026-08-19T11:00:00+02:00\n","date_modified":"2026-08-19T11:40:03+02:00\n","tags":["CSR"]},{"id":"7c624a87-4829-4c32-93e6-96f19f377f72","url":"https:\/\/standard.be\/nl\/news\/tickets-te-koop-voor-standard-raal-0","external_url":"https:\/\/standard.be\/nl\/news\/tickets-te-koop-voor-standard-raal-0?webview=","title":"Tickets te koop voor Standard - RAAL","content_html":"\n\u003Cdiv class=\u0022wp-block-group alignfull has-light-background-color has-background is-layout-constrained wp-block-group-is-layout-constrained\u0022 style=\u0022margin-top:0;margin-bottom:0;padding-top:var(--wp--preset--spacing--80);padding-right:var(--wp--preset--spacing--40);padding-bottom:var(--wp--preset--spacing--80);padding-left:var(--wp--preset--spacing--40)\u0022\u003E\n\u003Cdiv class=\u0022wp-block-group is-layout-constrained wp-block-group-is-layout-constrained\u0022 style=\u0022margin-top:0;margin-bottom:0;padding-top:0;padding-right:0;padding-bottom:0;padding-left:0\u0022\u003E\n\u003Cdiv class=\u0022wp-block-group is-layout-constrained wp-block-group-is-layout-constrained\u0022 style=\u0022margin-top:0;margin-bottom:0;padding-top:0;padding-right:0;padding-bottom:0;padding-left:0\u0022\u003E\n\u003Cp\u003ETickets voor de wedstrijd Standard de Li\u00e8ge - RAAL La Louvi\u00e8re (vrijdag 21 augustus om 20u45) zijn te koop op ons online platform of aan de ticketbalie van ons stadion (woensdag en vrijdag van 10u tot 18u \u0026amp; zaterdag van 10u tot 16u).\u003C\/p\u003E\n\n\n\n\u003Cdiv style=\u0022height:30px\u0022 aria-hidden=\u0022true\u0022 class=\u0022wp-block-spacer\u0022\u003E\u003C\/div\u003E\n\n\n\n\u003Cdiv class=\u0022wp-block-buttons is-content-justification-center is-layout-flex wp-container-core-buttons-layout-13 wp-block-buttons-is-layout-flex\u0022\u003E\n\u003Cdiv class=\u0022wp-block-button\u0022\u003E\u003Ca class=\u0022wp-block-button__link wp-element-button\u0022 href=\u0022https:\/\/ticketing.standard.be\/\u0022 target=\u0022_blank\u0022 rel=\u0022noreferrer noopener\u0022\u003EKoop uw tickets !\u003C\/a\u003E\u003C\/div\u003E\n\u003C\/div\u003E\n\n\n\n\u003Cdiv style=\u0022height:30px\u0022 aria-hidden=\u0022true\u0022 class=\u0022wp-block-spacer\u0022\u003E\u003C\/div\u003E\n\n\n\n\u003Cdiv class=\u0022wp-block-buttons is-content-justification-center is-layout-flex wp-container-core-buttons-layout-14 wp-block-buttons-is-layout-flex\u0022\u003E\n\u003Cdiv class=\u0022wp-block-button is-style-fill\u0022\u003E\u003Ca class=\u0022wp-block-button__link wp-element-button\u0022 href=\u0022https:\/\/static.standard.be\/cdn\/ff\/VtRr42E4xas8_O4_J9cQRsTJXEN4329KNRUkhYBN6WE\/1785264402\/public\/2026-07\/Tickets-2627-NL.pdf?_gl=1*tul9iw*_ga*Njk1MzgyNjg0LjE3Mjk3ODcyMzg.*_ga_P3VE3KJWLL*czE3ODYzNjcwMzMkbzI5NzQkZzEkdDE3ODYzNjkxNDIkajEwJGwwJGgw\u0022 target=\u0022_blank\u0022 rel=\u0022noreferrer noopener\u0022\u003EBekijk het prijsoverzicht\u003C\/a\u003E\u003C\/div\u003E\n\u003C\/div\u003E\n\n\n\n\u003Cdiv style=\u0022height:30px\u0022 aria-hidden=\u0022true\u0022 class=\u0022wp-block-spacer\u0022\u003E\u003C\/div\u003E\n\u003C\/div\u003E\n\n\n\n\u003Cp class=\u0022has-dark-color has-text-color has-link-color\u0022\u003EAls u ge\u00efnteresseerd bent in\u003Cstrong\u003E onze\u003C\/strong\u003E \u003Cstrong\u003Ebusinessformules\u003C\/strong\u003E voor deze wedstrijd, informatie en contactgegevens via onze businessbrochure.\u003C\/p\u003E\n\n\n\n\u003Cdiv style=\u0022height:30px\u0022 aria-hidden=\u0022true\u0022 class=\u0022wp-block-spacer\u0022\u003E\u003C\/div\u003E\n\n\n\n\u003Cdiv class=\u0022wp-block-buttons is-content-justification-center is-layout-flex wp-container-core-buttons-layout-15 wp-block-buttons-is-layout-flex\u0022\u003E\n\u003Cdiv class=\u0022wp-block-button\u0022\u003E\u003Ca class=\u0022wp-block-button__link wp-element-button\u0022 href=\u0022https:\/\/issuu.com\/standarddeliege\/docs\/standard-hospitality?fr=xIAEoAT3_MzMz\u0022 target=\u0022_blank\u0022 rel=\u0022noreferrer noopener\u0022\u003EBekijk onze businessbrochure\u003C\/a\u003E\u003C\/div\u003E\n\u003C\/div\u003E\n\n\n\n\u003Cdiv class=\u0022wp-block-group is-layout-constrained wp-block-group-is-layout-constrained\u0022 style=\u0022margin-top:0;margin-bottom:0;padding-top:0;padding-right:0;padding-bottom:0;padding-left:0\u0022\u003E\n\u003Cdiv style=\u0022height:30px\u0022 aria-hidden=\u0022true\u0022 class=\u0022wp-block-spacer\u0022\u003E\u003C\/div\u003E\n\n\n\n\u003Cp\u003E\u003Cstrong\u003EOpgelet\u0026nbsp;:\u003C\/strong\u003E het is uiteraard nog steeds mogelijk \u003Cstrong\u003Eeen\u0026nbsp;abonnement\u003C\/strong\u003E te kopen dat relatief voordeliger blijft.\u003C\/p\u003E\n\n\n\n\u003Cdiv style=\u0022height:30px\u0022 aria-hidden=\u0022true\u0022 class=\u0022wp-block-spacer\u0022\u003E\u003C\/div\u003E\n\n\n\n\u003Cdiv class=\u0022wp-block-buttons is-content-justification-center is-layout-flex wp-container-core-buttons-layout-16 wp-block-buttons-is-layout-flex\u0022\u003E\n\u003Cdiv class=\u0022wp-block-button\u0022\u003E\u003Ca class=\u0022wp-block-button__link wp-element-button\u0022 href=\u0022https:\/\/standard.be\/nl\/news\/abonnementen-26-27-praktische-informatie\u0022 target=\u0022_blank\u0022 rel=\u0022noreferrer noopener\u0022\u003EBekijk de praktische informatie over abonnementen\u003C\/a\u003E\u003C\/div\u003E\n\u003C\/div\u003E\n\n\n\n\u003Cp\u003E\u0026nbsp;\u003C\/p\u003E\n\u003C\/div\u003E\n\u003C\/div\u003E\n\u003C\/div\u003E\n","summary":"\n\n\n","image":"\/\/static.standard.be\/cdn\/ff\/AWRKAt98fMl8e7qygX-C_K_4rVUvfEtsa_2pU_r4bGI\/1786439022\/public\/styles\/max_1200\/public\/2026-08\/Standard-RAAL-1920x1080.jpg.webp?itok=hxzh8qZd","banner_image":"\/\/static.standard.be\/cdn\/ff\/AWRKAt98fMl8e7qygX-C_K_4rVUvfEtsa_2pU_r4bGI\/1786439022\/public\/styles\/max_1200\/public\/2026-08\/Standard-RAAL-1920x1080.jpg.webp?itok=hxzh8qZd","date_published":"2026-08-17T09:30:00+02:00\n","date_modified":"2026-08-21T23:52:35+02:00\n","tags":["Offici\u00eble Persberichten"]},{"id":"8e0fc629-9901-4f3d-b66b-652eda3b180d","url":"https:\/\/standard.be\/nl\/news\/ryan-fosso-tekent-bij-de-rouches","external_url":"https:\/\/standard.be\/nl\/news\/ryan-fosso-tekent-bij-de-rouches?webview=","title":"Ryan Fosso tekent bij de Rouches","content_html":"\n\u003Cdiv class=\u0022wp-block-group alignfull has-light-background-color has-background is-layout-constrained wp-block-group-is-layout-constrained\u0022 style=\u0022margin-top:0;margin-bottom:0;padding-top:var(--wp--preset--spacing--80);padding-right:var(--wp--preset--spacing--40);padding-bottom:var(--wp--preset--spacing--80);padding-left:var(--wp--preset--spacing--40)\u0022\u003E\n\u003Cdiv class=\u0022wp-block-group is-layout-constrained wp-block-group-is-layout-constrained\u0022 style=\u0022margin-top:0;margin-bottom:0;padding-top:0;padding-right:0;padding-bottom:0;padding-left:0\u0022\u003E\n\u003Cp\u003E\u003Cstrong\u003EEr is een akkoord bereikt tussen Standard de Li\u00e8ge, Sturm Graz en Ryan Fosso\u0026nbsp;: de defensieve middenvelder heeft zich voor 3 seizoenen aan de Maas verbonden.\u003C\/strong\u003E\u003C\/p\u003E\n\n\n\n\u003Cp\u003EGeboren in Lugano, Zwitserland, op 17 juni 2002 (24 jaar), deze Kameroense international (2 interlands) rondde zijn opleiding af bij BSC Young Boys voordat hij in 2022 naar FC Vaduz trok (78 wedstrijden - 8 doelpunten - 5 assists).\u003C\/p\u003E\n\n\n\n\u003Cp\u003ENa 2 seizoenen in Liechtenstein zette hij zijn carri\u00e8re voort in Nederland bij Fortuna Sittard (51 wedstrijden - 1 doelpunt - 2 assists) en vervolgens in Oostenrijk bij Sturm Graz (20 wedstrijden - 2 doelpunten - 1 assist).\u003C\/p\u003E\n\n\n\n\u003Cdiv style=\u0022height:20px\u0022 aria-hidden=\u0022true\u0022 class=\u0022wp-block-spacer\u0022\u003E\u003C\/div\u003E\n\n\n\n\u003Cp\u003E\u003Cstrong\u003EMarc Wilmots\u0026nbsp;: \u003C\/strong\u003E\u003Cem\u003E\u0022Ryan is een mobiele, defensieve middenvelder met een goed loopvermogen. Hij heeft een gezonde agressiviteit, ervaring en zal evenwicht brengen in ons team.\u0022\u003C\/em\u003E\u003C\/p\u003E\n\n\n\n\u003Cp\u003E\u003Cstrong\u003ERyan Fosso\u00a0: \u003C\/strong\u003E\u003Cem\u003E\u0022Toen Standard de Li\u00e8ge contact met me opnam, voelde ik dat het de juiste keuze was voor mij op dat moment in mijn carri\u00e8re. Ik kijk ernaar uit om aan dit nieuwe avontuur in deze grote club te beginnen en mijn kwaliteiten ten dienste van het team te stellen.\u0022\u003C\/em\u003E\u003C\/p\u003E\n\n\n\n\u003Cdiv style=\u0022height:20px\u0022 aria-hidden=\u0022true\u0022 class=\u0022wp-block-spacer\u0022\u003E\u003C\/div\u003E\n\n\n\n\u003Cp\u003EOnze club heet Ryan welkom en wenst hem het beste in rood en wit.\u003C\/p\u003E\n\u003C\/div\u003E\n\u003C\/div\u003E\n","summary":"\n\n\nEr is een akkoord bereikt tussen Standard de L","image":"\/\/static.standard.be\/cdn\/ff\/2PWhFksVx0_s7MHM6UaWtA4iUJCyCSMPPfLZ4nA29Vw\/1786715734\/public\/styles\/max_1200\/public\/2026-08\/Banner-NEWS-Fosso.jpg.webp?itok=-rhSqCQF","banner_image":"\/\/static.standard.be\/cdn\/ff\/2PWhFksVx0_s7MHM6UaWtA4iUJCyCSMPPfLZ4nA29Vw\/1786715734\/public\/styles\/max_1200\/public\/2026-08\/Banner-NEWS-Fosso.jpg.webp?itok=-rhSqCQF","date_published":"2026-08-14T16:00:00+02:00\n","date_modified":"2026-09-01T17:49:03+02:00\n","tags":["Offici\u00eble Persberichten"]},{"id":"06b58b97-dc64-48e9-bc21-50e4702f1213","url":"https:\/\/standard.be\/nl\/news\/standard-charleroi-disciplinaire-maatregelen-naar-aanleiding-van-de-incidenten-na-de-wedstrijd","external_url":"https:\/\/standard.be\/nl\/news\/standard-charleroi-disciplinaire-maatregelen-naar-aanleiding-van-de-incidenten-na-de-wedstrijd?webview=","title":"Standard - Charleroi  : disciplinaire maatregelen naar aanleiding van de incidenten na de wedstrijd","content_html":"\n\u003Cdiv class=\u0022wp-block-group alignfull has-light-background-color has-background is-layout-constrained wp-block-group-is-layout-constrained\u0022 style=\u0022margin-top:0;margin-bottom:0;padding-top:var(--wp--preset--spacing--80);padding-right:var(--wp--preset--spacing--40);padding-bottom:var(--wp--preset--spacing--80);padding-left:var(--wp--preset--spacing--40)\u0022\u003E\n\u003Cdiv class=\u0022wp-block-group is-layout-constrained wp-block-group-is-layout-constrained\u0022 style=\u0022margin-top:0;margin-bottom:0;padding-top:0;padding-right:0;padding-bottom:0;padding-left:0\u0022\u003E\n\u003Cp\u003EDe Disciplinaire Raad, handelend in beroep, heeft vrijdag vroeg in de namiddag zijn beslissing geveld.\u003C\/p\u003E\n\n\n\n\u003Cp\u003EDe beroepsinstantie stelt het gebruik van pyrotechnisch materiaal vast, het gooien van verschillende voorwerpen, incidenten op de tribune evenals buiten het stadion en de bestorming van het veld door supporters van de club naar aanleiding van de viering van de overwinning door de spelers van de tegenpartij.\u003C\/p\u003E\n\n\n\n\u003Cp\u003EZe wijst de betwisting van Standard de li\u00e8ge af die, op basis van het RBFA-reglement, de toepassing van de \u00ab responsabilit\u00e9 objective \u00bb in andere gevallen dan racisme en discriminerend gedrag betwistte.\u003C\/p\u003E\n\n\n\n\u003Cp\u003EDe Disciplinaire Raad motiveert de uitgesproken sanctie door enerzijds de ernst van de feiten te benadrukken en anderzijds de verschillende stappen die de club heeft ondernomen \u00ab qui sont des pas dans la bonne direction \u00bb.\u003C\/p\u003E\n\n\n\n\u003Cp\u003ENaast een boete van \u20ac 10.000,00 legt de disciplinaire instantie het volgende op :\u003C\/p\u003E\n\n\n\n\u003Cp\u003E- herroept de opschorting die werd toegekend bij de beslissing van 12 december 2025, zodat de gedeeltelijke wedstrijd zonder publiek (blokken E3, D3 en F3 van de T3) van kracht zal zijn bij de wedstrijd tegen R. Antwerp FC (zaterdag 5 september). \u003C\/p\u003E\n\n\n\n\u003Cp\u003E- legt Standard de Li\u00e8ge op dat 3 thuiswedstrijden van zijn eerste ploeg achter gesloten deuren moeten worden gespeeld (totaal), waarvan 1 effectief (wedstrijd tegen Sporting de Charleroi, het weekend van 9-10-11 oktober) en 2 onder opschorting met een proeftijd tot 13 augustus 2027.\u003C\/p\u003E\n\n\n\n\u003Cp\u003EDe clubleiding neemt kennis van de uitgesproken sancties, zal momenteel geen verdere opmerkingen maken en zal overleggen met de vertegenwoordigers van de Famille des Rouches v\u00f3\u00f3r de volgende thuiswedstrijd.\u003C\/p\u003E\n\u003C\/div\u003E\n\u003C\/div\u003E\n","summary":"\n\n\nDe Disciplinaire Raad, handelend in beroep, heeft vrij","image":"\/\/static.standard.be\/cdn\/ff\/N2XMkNscnksKUpGwKRaFMpOBcuP_WkU3NI7JkyRCIe8\/1786712207\/public\/styles\/max_1200\/public\/2026-08\/neutre-2025-2026-red.jpg.webp?itok=-uPPx6_6","banner_image":"\/\/static.standard.be\/cdn\/ff\/N2XMkNscnksKUpGwKRaFMpOBcuP_WkU3NI7JkyRCIe8\/1786712207\/public\/styles\/max_1200\/public\/2026-08\/neutre-2025-2026-red.jpg.webp?itok=-uPPx6_6","date_published":"2026-08-14T14:55:00+02:00\n","date_modified":"2026-08-14T14:52:29+02:00\n","tags":["Offici\u00eble Persberichten"]}],"expired":false}